{"id":1,"name":"Rafael Ord\u00f3\u00f1ez Bedmar","url":"https:\/\/muvacandalucia.es","description":"\u00c9l mismo se define en su cuenta de Twitter como \"Maestro por profesi\u00f3n, periodista aficionado y novelista del mont\u00f3n\". Jubilado tras ejercer durante 32 a\u00f1os sus labores docentes en diferentes Centros de Andaluc\u00eda, Ord\u00f3\u00f1ez se plantea un nuevo desaf\u00edo capaz de dar un cambio radical a su desempe\u00f1o profesional: la gesti\u00f3n de un \"Museo\" virtual con el que dar su lugar al Arte Contempor\u00e1neo.","link":"https:\/\/muvacandalucia.es\/index.php\/author\/rafaelordonezbedmar1956\/","slug":"rafaelordonezbedmar1956","avatar_urls":{"24":"https:\/\/secure.gravatar.com\/avatar\/d2c2bc241cd594e47d73f7dd23106aaa?s=24&d=mm&r=g","48":"https:\/\/secure.gravatar.com\/avatar\/d2c2bc241cd594e47d73f7dd23106aaa?s=48&d=mm&r=g","96":"https:\/\/secure.gravatar.com\/avatar\/d2c2bc241cd594e47d73f7dd23106aaa?s=96&d=mm&r=g"},"meta":[],"_links":{"self":[{"href":"https:\/\/muvacandalucia.es\/index.php\/wp-json\/wp\/v2\/users\/1"}],"collection":[{"href":"https:\/\/muvacandalucia.es\/index.php\/wp-json\/wp\/v2\/users"}]}}