{"id":154,"count":1,"description":"","link":"https:\/\/muvacandalucia.es\/index.php\/tag\/jose-suarez-peregrin-granada\/","name":"Jos\u00e9 Su\u00e1rez Peregr\u00edn (Granada","slug":"jose-suarez-peregrin-granada","taxonomy":"post_tag","meta":[],"_links":{"self":[{"href":"https:\/\/muvacandalucia.es\/index.php\/wp-json\/wp\/v2\/tags\/154"}],"collection":[{"href":"https:\/\/muvacandalucia.es\/index.php\/wp-json\/wp\/v2\/tags"}],"about":[{"href":"https:\/\/muvacandalucia.es\/index.php\/wp-json\/wp\/v2\/taxonomies\/post_tag"}],"wp:post_type":[{"href":"https:\/\/muvacandalucia.es\/index.php\/wp-json\/wp\/v2\/posts?tags=154"}],"curies":[{"name":"wp","href":"https:\/\/api.w.org\/{rel}","templated":true}]}}