{"id":957,"date":"2021-03-19T18:42:17","date_gmt":"2021-03-19T18:42:17","guid":{"rendered":"https:\/\/muvaclinares.es\/?p=957"},"modified":"2021-06-04T17:11:53","modified_gmt":"2021-06-04T17:11:53","slug":"la-etapa-abstracta-del-artista-linarense","status":"publish","type":"post","link":"https:\/\/muvacandalucia.es\/index.php\/2021\/03\/19\/la-etapa-abstracta-del-artista-linarense\/","title":{"rendered":"La etapa abstracta del artista linarense. (Cap- 7)"},"content":{"rendered":"<p align=\"JUSTIFY\"><span style=\"color: #666699;\"><span style=\"font-family: Calibri, sans-serif;\"><span style=\"font-size: medium;\">Ya en su madurez, Miguel P\u00e9rez Aguilera atraviesa, a principio de los a\u00f1os 60, una crisis. El pintor parece hastiado de la incesante repetici\u00f3n de motivos figurativos y no parece encontrar placer alguno en ello. Don Miguel permanece dos a\u00f1os alejado de los pinceles hasta que, llevado por su deseo de investigar nuevas sensaciones del color, decide explorar un nuevo camino.<\/span><\/span><\/span><\/p>\n<p align=\"JUSTIFY\"><span style=\"color: #666699;\"><span style=\"font-family: Calibri, sans-serif;\"><span style=\"font-size: medium;\">En su exposici\u00f3n de Madrid (1965, sala del Ateneo), P\u00e9rez Aguilera nos deja entrever su futura entrega a la abstracci\u00f3n y al color intenso, sin complejos y vibrante dentro de unas composiciones profundamente maduradas y estudiadas. Podemos encontrar la inspiraci\u00f3n de grupos como <em>El Paso<\/em> y <em>Dau al Set<\/em> en sus obras cargadas de fuerza y capacidad sugestiva en las que el linarense se resiste a utilizar cualquier t\u00e9cnica diferente al \u00f3leo puro alej\u00e1ndose de las mixturas de productos industriales que hacen posible el gesto del informalismo mat\u00e9rico.<\/span><\/span><\/span><\/p>\n<p align=\"JUSTIFY\"><span style=\"color: #666699;\"><span style=\"font-family: Calibri, sans-serif;\"><span style=\"font-size: medium;\">P\u00e9rez Aguilera se libera de la dependencia de los grupos de referencia en su tiempo protegidos por el r\u00e9gimen agonizante arriesg\u00e1ndose a la cat\u00e1strofe para su carrera con su nueva factura crom\u00e1tica tan alejada de lo oficialmente \u201c&#8230; \u201cLa abstracci\u00f3n de P\u00e9rez Aguilera responde a su continuada y sostenida mismidad y, en todo caso, a un orden de remotos or\u00edgenes barrocos y andaluces m\u00e1s que al concepto geom\u00e9trico y esquem\u00e1tico que el constructivismo puso en circulaci\u00f3n\u201d (Viribay, 2011: 389).<\/span><\/span><\/span><\/p>\n<div id='gallery-1' class='gallery galleryid-957 gallery-columns-3 gallery-size-thumbnail'><figure class='gallery-item'>\n\t\t\t<div class='gallery-icon landscape'>\n\t\t\t\t<a href='https:\/\/muvacandalucia.es\/index.php\/2021\/03\/19\/la-etapa-abstracta-del-artista-linarense\/gozosas-vibraciones\/'><img width=\"150\" height=\"150\" src=\"https:\/\/muvacandalucia.es\/wp-content\/uploads\/2021\/03\/gozosas-vibraciones-150x150.jpg\" class=\"attachment-thumbnail size-thumbnail\" alt=\"\" decoding=\"async\" loading=\"lazy\" \/><\/a>\n\t\t\t<\/div><\/figure><figure class='gallery-item'>\n\t\t\t<div class='gallery-icon landscape'>\n\t\t\t\t<a href='https:\/\/muvacandalucia.es\/index.php\/2021\/03\/19\/la-etapa-abstracta-del-artista-linarense\/puzzle-cuadrado\/'><img width=\"150\" height=\"150\" src=\"https:\/\/muvacandalucia.es\/wp-content\/uploads\/2021\/03\/puzzle-cuadrado-150x150.jpg\" class=\"attachment-thumbnail size-thumbnail\" alt=\"\" decoding=\"async\" loading=\"lazy\" \/><\/a>\n\t\t\t<\/div><\/figure><figure class='gallery-item'>\n\t\t\t<div class='gallery-icon landscape'>\n\t\t\t\t<a href='https:\/\/muvacandalucia.es\/index.php\/2021\/03\/19\/la-etapa-abstracta-del-artista-linarense\/ramificaciones\/'><img width=\"150\" height=\"150\" src=\"https:\/\/muvacandalucia.es\/wp-content\/uploads\/2021\/03\/ramificaciones-150x150.jpg\" class=\"attachment-thumbnail size-thumbnail\" alt=\"\" decoding=\"async\" loading=\"lazy\" \/><\/a>\n\t\t\t<\/div><\/figure><figure class='gallery-item'>\n\t\t\t<div class='gallery-icon landscape'>\n\t\t\t\t<a href='https:\/\/muvacandalucia.es\/index.php\/2021\/03\/19\/la-etapa-abstracta-del-artista-linarense\/turbia-e-insinuanta-decision\/'><img width=\"150\" height=\"150\" src=\"https:\/\/muvacandalucia.es\/wp-content\/uploads\/2021\/03\/turbia-e-insinuanta-decision-150x150.jpg\" class=\"attachment-thumbnail size-thumbnail\" alt=\"\" decoding=\"async\" loading=\"lazy\" srcset=\"https:\/\/muvacandalucia.es\/wp-content\/uploads\/2021\/03\/turbia-e-insinuanta-decision-150x150.jpg 150w, https:\/\/muvacandalucia.es\/wp-content\/uploads\/2021\/03\/turbia-e-insinuanta-decision-300x300.jpg 300w, https:\/\/muvacandalucia.es\/wp-content\/uploads\/2021\/03\/turbia-e-insinuanta-decision.jpg 593w\" sizes=\"(max-width: 150px) 100vw, 150px\" \/><\/a>\n\t\t\t<\/div><\/figure><figure class='gallery-item'>\n\t\t\t<div class='gallery-icon landscape'>\n\t\t\t\t<a href='https:\/\/muvacandalucia.es\/index.php\/2021\/03\/19\/la-etapa-abstracta-del-artista-linarense\/volanderias\/'><img width=\"150\" height=\"150\" src=\"https:\/\/muvacandalucia.es\/wp-content\/uploads\/2021\/03\/volanderias-150x150.jpg\" class=\"attachment-thumbnail size-thumbnail\" alt=\"\" decoding=\"async\" loading=\"lazy\" \/><\/a>\n\t\t\t<\/div><\/figure><figure class='gallery-item'>\n\t\t\t<div class='gallery-icon portrait'>\n\t\t\t\t<a href='https:\/\/muvacandalucia.es\/index.php\/2021\/03\/19\/la-etapa-abstracta-del-artista-linarense\/98-22-ene-deslumbrante-miguel-c\/'><img width=\"150\" height=\"150\" src=\"https:\/\/muvacandalucia.es\/wp-content\/uploads\/2021\/03\/98-22-ene-deslumbrante-Miguel-C-150x150.jpg\" class=\"attachment-thumbnail size-thumbnail\" alt=\"\" decoding=\"async\" loading=\"lazy\" \/><\/a>\n\t\t\t<\/div><\/figure><figure class='gallery-item'>\n\t\t\t<div class='gallery-icon portrait'>\n\t\t\t\t<a href='https:\/\/muvacandalucia.es\/index.php\/2021\/03\/19\/la-etapa-abstracta-del-artista-linarense\/mexico-piezas-perez-aguilera-exposicion_1531357760_129791094_1200x1455\/'><img width=\"150\" height=\"150\" src=\"https:\/\/muvacandalucia.es\/wp-content\/uploads\/2021\/03\/Mexico-piezas-Perez-Aguilera-exposicion_1531357760_129791094_1200x1455-150x150.jpg\" class=\"attachment-thumbnail size-thumbnail\" alt=\"\" decoding=\"async\" loading=\"lazy\" \/><\/a>\n\t\t\t<\/div><\/figure>\n\t\t<\/div>\n\n<p style=\"text-align: right;\"><span style=\"color: #666699;\">Museo Virtual de Arte Contempor\u00e1neo de Andaluc\u00eda<\/span><\/p>\n<p style=\"text-align: right;\"><span style=\"color: #666699;\"><strong>ISSN 2792-1905<\/strong><\/span><\/p>\n<p style=\"text-align: right;\"><span style=\"color: #666699;\">Linares (Ja\u00e9n)<\/span><\/p>\n","protected":false},"excerpt":{"rendered":"<p>Ya en su madurez, Miguel P\u00e9rez Aguilera atraviesa, a principio de los a\u00f1os 60, una crisis. El pintor parece hastiado de la incesante repetici\u00f3n de motivos figurativos y no parece&hellip;<\/p>\n","protected":false},"author":1,"featured_media":963,"comment_status":"open","ping_status":"open","sticky":false,"template":"","format":"standard","meta":[],"categories":[225],"tags":[90,14,226,230,162],"jetpack_featured_media_url":"https:\/\/muvacandalucia.es\/wp-content\/uploads\/2021\/03\/98-22-ene-deslumbrante-Miguel-C.jpg","_links":{"self":[{"href":"https:\/\/muvacandalucia.es\/index.php\/wp-json\/wp\/v2\/posts\/957"}],"collection":[{"href":"https:\/\/muvacandalucia.es\/index.php\/wp-json\/wp\/v2\/posts"}],"about":[{"href":"https:\/\/muvacandalucia.es\/index.php\/wp-json\/wp\/v2\/types\/post"}],"author":[{"embeddable":true,"href":"https:\/\/muvacandalucia.es\/index.php\/wp-json\/wp\/v2\/users\/1"}],"replies":[{"embeddable":true,"href":"https:\/\/muvacandalucia.es\/index.php\/wp-json\/wp\/v2\/comments?post=957"}],"version-history":[{"count":7,"href":"https:\/\/muvacandalucia.es\/index.php\/wp-json\/wp\/v2\/posts\/957\/revisions"}],"predecessor-version":[{"id":1785,"href":"https:\/\/muvacandalucia.es\/index.php\/wp-json\/wp\/v2\/posts\/957\/revisions\/1785"}],"wp:featuredmedia":[{"embeddable":true,"href":"https:\/\/muvacandalucia.es\/index.php\/wp-json\/wp\/v2\/media\/963"}],"wp:attachment":[{"href":"https:\/\/muvacandalucia.es\/index.php\/wp-json\/wp\/v2\/media?parent=957"}],"wp:term":[{"taxonomy":"category","embeddable":true,"href":"https:\/\/muvacandalucia.es\/index.php\/wp-json\/wp\/v2\/categories?post=957"},{"taxonomy":"post_tag","embeddable":true,"href":"https:\/\/muvacandalucia.es\/index.php\/wp-json\/wp\/v2\/tags?post=957"}],"curies":[{"name":"wp","href":"https:\/\/api.w.org\/{rel}","templated":true}]}}