{"id":952,"date":"2021-03-19T18:40:20","date_gmt":"2021-03-19T18:40:20","guid":{"rendered":"https:\/\/muvaclinares.es\/?p=952"},"modified":"2021-06-04T17:10:58","modified_gmt":"2021-06-04T17:10:58","slug":"autorretratos-y-personajes-del-maestro-aguilera","status":"publish","type":"post","link":"https:\/\/muvacandalucia.es\/index.php\/2021\/03\/19\/autorretratos-y-personajes-del-maestro-aguilera\/","title":{"rendered":"Autorretratos y personajes del Maestro Aguilera. (Cap. 6)"},"content":{"rendered":"<div id='gallery-1' class='gallery galleryid-952 gallery-columns-3 gallery-size-thumbnail'><figure class='gallery-item'>\n\t\t\t<div class='gallery-icon portrait'>\n\t\t\t\t<a href='https:\/\/muvacandalucia.es\/index.php\/2021\/03\/19\/autorretratos-y-personajes-del-maestro-aguilera\/4-autorretrato-arenas-de-s-pedro-1942-oleo-s-lienzo-98x120-cm\/'><img width=\"150\" height=\"150\" src=\"https:\/\/muvacandalucia.es\/wp-content\/uploads\/2021\/03\/4-Autorretrato.-Arenas-de-S.-Pedro-1942.-Oleo-s.-lienzo-98x120-cm-150x150.jpg\" class=\"attachment-thumbnail size-thumbnail\" alt=\"4 Autorretrato. Arenas de S. Pedro, 1942. \u00d3leo s. lienzo, 98x120 cm\" decoding=\"async\" loading=\"lazy\" aria-describedby=\"gallery-1-954\" \/><\/a>\n\t\t\t<\/div>\n\t\t\t\t<figcaption class='wp-caption-text gallery-caption' id='gallery-1-954'>\n\t\t\t\t4 Autorretrato. Arenas de S. Pedro, 1942. \u00d3leo s. lienzo, 98&#215;120 cm\n\t\t\t\t<\/figcaption><\/figure><figure class='gallery-item'>\n\t\t\t<div class='gallery-icon landscape'>\n\t\t\t\t<a href='https:\/\/muvacandalucia.es\/index.php\/2021\/03\/19\/autorretratos-y-personajes-del-maestro-aguilera\/solitario-mariano-concha-y-cristina-1943-oleo-s-lienzo-100x90-cm\/'><img width=\"150\" height=\"150\" src=\"https:\/\/muvacandalucia.es\/wp-content\/uploads\/2021\/03\/Solitario-Mariano-Concha-y-Cristina.-1943.-Oleo-s.-lienzo-100x90-cm-150x150.jpg\" class=\"attachment-thumbnail size-thumbnail\" alt=\"Solitario (Mariano, Concha y Cristina). (1943). \u00d3leo s\/. lienzo, 100x90 cm. COLECCI\u00d3N PARTICULAR\" decoding=\"async\" loading=\"lazy\" aria-describedby=\"gallery-1-955\" \/><\/a>\n\t\t\t<\/div>\n\t\t\t\t<figcaption class='wp-caption-text gallery-caption' id='gallery-1-955'>\n\t\t\t\tSolitario (Mariano, Concha y Cristina). (1943). \u00d3leo s\/. lienzo, 100&#215;90 cm. COLECCI\u00d3N PARTICULAR\n\t\t\t\t<\/figcaption><\/figure><figure class='gallery-item'>\n\t\t\t<div class='gallery-icon portrait'>\n\t\t\t\t<a href='https:\/\/muvacandalucia.es\/index.php\/2021\/03\/19\/autorretratos-y-personajes-del-maestro-aguilera\/4-autorretrato-1956\/'><img width=\"150\" height=\"150\" src=\"https:\/\/muvacandalucia.es\/wp-content\/uploads\/2021\/03\/4-autorretrato-1956-150x150.jpg\" class=\"attachment-thumbnail size-thumbnail\" alt=\"Autorretrato 1956\" decoding=\"async\" loading=\"lazy\" aria-describedby=\"gallery-1-953\" \/><\/a>\n\t\t\t<\/div>\n\t\t\t\t<figcaption class='wp-caption-text gallery-caption' id='gallery-1-953'>\n\t\t\t\tMagistral Aguilera\n\t\t\t\t<\/figcaption><\/figure>\n\t\t<\/div>\n\n<p align=\"JUSTIFY\"><span style=\"color: #666699;\"><span style=\"font-family: Calibri, sans-serif;\"><span style=\"font-size: medium;\">El minucioso an\u00e1lisis del car\u00e1cter del personaje retratado o la introspecci\u00f3n de \u201cAutorretrato\u201d (1942) de planos duros, con un cierto toque neocubista, P\u00e9rez Aguilera pasa por una figuraci\u00f3n un tanto dolida, impl\u00edcita en el cuadro \u201cSolitario (Mariano, Concha y Cristina 1943\u201d) sin olvidar su faceta m\u00e1s realista como la desplegada en su \u201cRetrato de Antonio P\u00e9rez Murillo. (Mi padre) 1943\u201d. <\/span><\/span><\/span><\/p>\n<p align=\"JUSTIFY\"><span style=\"color: #666699;\"><span style=\"font-family: Calibri, sans-serif;\"><span style=\"font-size: medium;\">A su vuelta de Francia, su paleta ha cambiado. Frente a la limitada gama utilizada con anterioridad dando lugar a cuadros casi monocrom\u00e1ticos de color entero, planos s\u00f3lidos y dibujo preciso el pincel parece volverse m\u00e1s ligero, menos preciso en la aplicaci\u00f3n del color y de pincelada suelta que da lugar a una pintura mucho m\u00e1s et\u00e9rea y sutil, m\u00e1s espont\u00e1nea como se pone de manifiesto en su autorretrato de 1956.<\/span><\/span><\/span><\/p>\n<p style=\"text-align: right;\"><span style=\"color: #666699;\">Museo Virtual de Arte Contempor\u00e1neo de Andaluc\u00eda<\/span><\/p>\n<p style=\"text-align: right;\"><span style=\"color: #666699;\"><strong>ISSN 2792-1905<\/strong><\/span><\/p>\n<p style=\"text-align: right;\"><span style=\"color: #666699;\">Linares (Ja\u00e9n)<\/span><\/p>\n","protected":false},"excerpt":{"rendered":"<p>El minucioso an\u00e1lisis del car\u00e1cter del personaje retratado o la introspecci\u00f3n de \u201cAutorretrato\u201d (1942) de planos duros, con un cierto toque neocubista, P\u00e9rez Aguilera pasa por una figuraci\u00f3n un tanto&hellip;<\/p>\n","protected":false},"author":1,"featured_media":969,"comment_status":"open","ping_status":"open","sticky":false,"template":"","format":"standard","meta":[],"categories":[225],"tags":[90,14,226,230,162],"jetpack_featured_media_url":"https:\/\/muvacandalucia.es\/wp-content\/uploads\/2021\/03\/Autorretrato-recortado.jpg","_links":{"self":[{"href":"https:\/\/muvacandalucia.es\/index.php\/wp-json\/wp\/v2\/posts\/952"}],"collection":[{"href":"https:\/\/muvacandalucia.es\/index.php\/wp-json\/wp\/v2\/posts"}],"about":[{"href":"https:\/\/muvacandalucia.es\/index.php\/wp-json\/wp\/v2\/types\/post"}],"author":[{"embeddable":true,"href":"https:\/\/muvacandalucia.es\/index.php\/wp-json\/wp\/v2\/users\/1"}],"replies":[{"embeddable":true,"href":"https:\/\/muvacandalucia.es\/index.php\/wp-json\/wp\/v2\/comments?post=952"}],"version-history":[{"count":7,"href":"https:\/\/muvacandalucia.es\/index.php\/wp-json\/wp\/v2\/posts\/952\/revisions"}],"predecessor-version":[{"id":1784,"href":"https:\/\/muvacandalucia.es\/index.php\/wp-json\/wp\/v2\/posts\/952\/revisions\/1784"}],"wp:featuredmedia":[{"embeddable":true,"href":"https:\/\/muvacandalucia.es\/index.php\/wp-json\/wp\/v2\/media\/969"}],"wp:attachment":[{"href":"https:\/\/muvacandalucia.es\/index.php\/wp-json\/wp\/v2\/media?parent=952"}],"wp:term":[{"taxonomy":"category","embeddable":true,"href":"https:\/\/muvacandalucia.es\/index.php\/wp-json\/wp\/v2\/categories?post=952"},{"taxonomy":"post_tag","embeddable":true,"href":"https:\/\/muvacandalucia.es\/index.php\/wp-json\/wp\/v2\/tags?post=952"}],"curies":[{"name":"wp","href":"https:\/\/api.w.org\/{rel}","templated":true}]}}