{"id":941,"date":"2021-03-19T18:38:21","date_gmt":"2021-03-19T18:38:21","guid":{"rendered":"https:\/\/muvaclinares.es\/?p=941"},"modified":"2021-06-04T17:10:12","modified_gmt":"2021-06-04T17:10:12","slug":"el-luminismo-en-sus-paisajes-agrestes","status":"publish","type":"post","link":"https:\/\/muvacandalucia.es\/index.php\/2021\/03\/19\/el-luminismo-en-sus-paisajes-agrestes\/","title":{"rendered":"El luminismo en sus paisajes agrestes. (Cap. 5)"},"content":{"rendered":"<p align=\"JUSTIFY\"><span style=\"color: #666699;\"><span style=\"font-family: Calibri, sans-serif;\"><span style=\"font-size: medium;\">Fundamentalmente en la d\u00e9cada de los 50, P\u00e9rez Aguilera experiment\u00f3 con el luminismo jugando con la luz en los espacios abiertos iliminando a trav\u00e9s de la pintura mediante el uso de pinceladas sueltas. Sus paisajes est\u00e1n compuestos a base de brillantes colores superpuestos extendidos sobre el lienzo a base pinceladas inconexas, imitando el divisionismo utilizado por los puntillistas e impresionistas decimon\u00f3nicos. Sin embargo, P\u00e9rez acierta a infundir a sus obras un toque \u00fanico que pone en relevancia su singularidad.<\/span><\/span><\/span><\/p>\n<p align=\"JUSTIFY\"><span style=\"color: #666699;\"><span style=\"font-family: Calibri, sans-serif;\"><span style=\"font-size: medium;\">Como ejemplos de ello, tenemos su \u201cNacimiento del r\u00edo Ras\u201d, Marruecos, 1951 o \u201cPurullena\u201d, 1957 frente a sus paisajes anteriores m\u00e1s dibuj\u00edsticos, un tanto neocubistas como en \u201cArenas de San Pedro\u201d (1942).<\/span><\/span><\/span><\/p>\n<div id='gallery-1' class='gallery galleryid-941 gallery-columns-3 gallery-size-thumbnail'><figure class='gallery-item'>\n\t\t\t<div class='gallery-icon landscape'>\n\t\t\t\t<a href='https:\/\/muvacandalucia.es\/index.php\/2021\/03\/19\/el-luminismo-en-sus-paisajes-agrestes\/2-arenas-de-san-pedro-1942\/'><img width=\"150\" height=\"150\" src=\"https:\/\/muvacandalucia.es\/wp-content\/uploads\/2021\/03\/2-Arenas-de-San-Pedro-1942-150x150.jpg\" class=\"attachment-thumbnail size-thumbnail\" alt=\"Arenas de San Pedro, 1942\" decoding=\"async\" loading=\"lazy\" aria-describedby=\"gallery-1-942\" \/><\/a>\n\t\t\t<\/div>\n\t\t\t\t<figcaption class='wp-caption-text gallery-caption' id='gallery-1-942'>\n\t\t\t\tArenas de San Pedro, 1942\n\t\t\t\t<\/figcaption><\/figure><figure class='gallery-item'>\n\t\t\t<div class='gallery-icon landscape'>\n\t\t\t\t<a href='https:\/\/muvacandalucia.es\/index.php\/2021\/03\/19\/el-luminismo-en-sus-paisajes-agrestes\/2-nacimiento-del-rio-ras-el-maxauen-marruecos-1951-oleo-s-cartulina-60x73-cm\/'><img width=\"150\" height=\"150\" src=\"https:\/\/muvacandalucia.es\/wp-content\/uploads\/2021\/03\/2-Nacimiento-del-rio-Ras-el-MaXauen.-Marruecos.-1951.-Oleo-s.-cartulina-60x73-cm-150x150.jpg\" class=\"attachment-thumbnail size-thumbnail\" alt=\"\u201cNacimiento del r\u00edo Ras\u201d, Marruecos, 1951\" decoding=\"async\" loading=\"lazy\" aria-describedby=\"gallery-1-943\" \/><\/a>\n\t\t\t<\/div>\n\t\t\t\t<figcaption class='wp-caption-text gallery-caption' id='gallery-1-943'>\n\t\t\t\t\u201cNacimiento del r\u00edo Ras\u201d, Marruecos, 1951\n\t\t\t\t<\/figcaption><\/figure><figure class='gallery-item'>\n\t\t\t<div class='gallery-icon landscape'>\n\t\t\t\t<a href='https:\/\/muvacandalucia.es\/index.php\/2021\/03\/19\/el-luminismo-en-sus-paisajes-agrestes\/2-purullena-1957\/'><img width=\"150\" height=\"150\" src=\"https:\/\/muvacandalucia.es\/wp-content\/uploads\/2021\/03\/2-Purullena-1957-150x150.jpg\" class=\"attachment-thumbnail size-thumbnail\" alt=\"Purullena, 1957\" decoding=\"async\" loading=\"lazy\" aria-describedby=\"gallery-1-944\" \/><\/a>\n\t\t\t<\/div>\n\t\t\t\t<figcaption class='wp-caption-text gallery-caption' id='gallery-1-944'>\n\t\t\t\tPurullena, 1957\n\t\t\t\t<\/figcaption><\/figure>\n\t\t<\/div>\n\n<p align=\"JUSTIFY\"><span style=\"color: #666699;\"><span style=\"font-family: Calibri, sans-serif;\"><span style=\"font-size: medium;\">P\u00e9rez Aguilera tendr\u00e1 una fuerte influencia de sus estancias en Par\u00eds (1947) y en Italia (1956). El contacto parisino ser\u00e1 clave para que el linarense centrara la atenci\u00f3n y la investigaci\u00f3n de su obra en torno al luminismo (Mantas, 2015: 45) tal y como define Pedro Galera \u201cla experiencia parisina para un esp\u00edritu abierto y sensible como el de P\u00e9rez Aguilera significa en lo art\u00edstico un viaje sin retorno. Ya nada puede ser igual a su vuelta, a finales de los cuarenta, aunque todav\u00eda siga trabajando en las coordenadas de una pintura figurativa, de objetos reconocibles\u201d<\/span><span style=\"font-family: Times New Roman, Times New Roman, serif;\"><span style=\"font-size: xx-small;\">. <\/span><\/span><span style=\"font-family: Times New Roman, Times New Roman, serif;\">[<\/span><span style=\"font-family: Calibri, Calibri, sans-serif;\"><span style=\"font-size: small;\">GALERA ANREU, Pedro (2001): \u201cHomenaje a Don Miguel\u201d. En <\/span><\/span><span style=\"font-family: Calibri, Calibri, sans-serif;\"><span style=\"font-size: small;\"><i>Miguel P\u00e9rez Aguilera. El intelectual y su memoria<\/i><\/span><\/span><span style=\"font-family: Calibri, Calibri, sans-serif;\"><span style=\"font-size: small;\">. Ja\u00e9n, Universidad de Ja\u00e9n, Vicerrectorado de Extensi\u00f3n Universitaria, p. 10. ]<\/span><\/span><\/span><\/span><\/p>\n<p style=\"text-align: right;\"><span style=\"color: #666699;\">Museo Virtual de Arte Contempor\u00e1neo de Andaluc\u00eda<\/span><\/p>\n<p style=\"text-align: right;\"><span style=\"color: #666699;\"><strong>ISSN 2792-1905<\/strong><\/span><\/p>\n<p style=\"text-align: right;\"><span style=\"color: #666699;\">Linares (Ja\u00e9n)<\/span><\/p>\n","protected":false},"excerpt":{"rendered":"<p>Fundamentalmente en la d\u00e9cada de los 50, P\u00e9rez Aguilera experiment\u00f3 con el luminismo jugando con la luz en los espacios abiertos iliminando a trav\u00e9s de la pintura mediante el uso&hellip;<\/p>\n","protected":false},"author":1,"featured_media":944,"comment_status":"open","ping_status":"open","sticky":false,"template":"","format":"standard","meta":[],"categories":[225],"tags":[90,14,226,230,162],"jetpack_featured_media_url":"https:\/\/muvacandalucia.es\/wp-content\/uploads\/2021\/03\/2-Purullena-1957.jpg","_links":{"self":[{"href":"https:\/\/muvacandalucia.es\/index.php\/wp-json\/wp\/v2\/posts\/941"}],"collection":[{"href":"https:\/\/muvacandalucia.es\/index.php\/wp-json\/wp\/v2\/posts"}],"about":[{"href":"https:\/\/muvacandalucia.es\/index.php\/wp-json\/wp\/v2\/types\/post"}],"author":[{"embeddable":true,"href":"https:\/\/muvacandalucia.es\/index.php\/wp-json\/wp\/v2\/users\/1"}],"replies":[{"embeddable":true,"href":"https:\/\/muvacandalucia.es\/index.php\/wp-json\/wp\/v2\/comments?post=941"}],"version-history":[{"count":9,"href":"https:\/\/muvacandalucia.es\/index.php\/wp-json\/wp\/v2\/posts\/941\/revisions"}],"predecessor-version":[{"id":1783,"href":"https:\/\/muvacandalucia.es\/index.php\/wp-json\/wp\/v2\/posts\/941\/revisions\/1783"}],"wp:featuredmedia":[{"embeddable":true,"href":"https:\/\/muvacandalucia.es\/index.php\/wp-json\/wp\/v2\/media\/944"}],"wp:attachment":[{"href":"https:\/\/muvacandalucia.es\/index.php\/wp-json\/wp\/v2\/media?parent=941"}],"wp:term":[{"taxonomy":"category","embeddable":true,"href":"https:\/\/muvacandalucia.es\/index.php\/wp-json\/wp\/v2\/categories?post=941"},{"taxonomy":"post_tag","embeddable":true,"href":"https:\/\/muvacandalucia.es\/index.php\/wp-json\/wp\/v2\/tags?post=941"}],"curies":[{"name":"wp","href":"https:\/\/api.w.org\/{rel}","templated":true}]}}