{"id":934,"date":"2021-03-19T18:36:36","date_gmt":"2021-03-19T18:36:36","guid":{"rendered":"https:\/\/muvaclinares.es\/?p=934"},"modified":"2021-06-04T17:09:33","modified_gmt":"2021-06-04T17:09:33","slug":"los-ninos-de-su-barrio-en-la-decada-de-los-50","status":"publish","type":"post","link":"https:\/\/muvacandalucia.es\/index.php\/2021\/03\/19\/los-ninos-de-su-barrio-en-la-decada-de-los-50\/","title":{"rendered":"Los ni\u00f1os de su barrio en la d\u00e9cada de los 50. (Cap. 4)"},"content":{"rendered":"<p align=\"JUSTIFY\"><span style=\"color: #666699;\">Ya en la d\u00e9cada de los 50 del siglo XX, Don Miguel realiza una serie de retratos infantiles de ni\u00f1os buscados por las calles de Sevilla, por su barrio, fechados en torno a 1953 en \u00f3leo sobre cart\u00f3n como <i>Ni\u00f1o con jirafa de papel<\/i>, <em>Loquillas<\/em> o <em>Ni\u00f1a con brazos cruzados<\/em> (1957) en los que el \u00f3leo es aplicado en ligeras capas dejando traslucir el tramado del cart\u00f3n cubri\u00e9ndolo apenas para generar unos retratos infantiles ejecutados con l\u00edneas firmes y trazo simple, pero cargados de fuerza y en la tradicional l\u00ednea del costumbrismo andaluz e hispalense al tiempo que impregnados de la sutileza, la espont\u00e9nidad y evanescencia que, tras su etapa en Par\u00eds, lo hab\u00eda llevado a abandonar el neocubismo y el color alcanza una brillantez que, de alg\u00fan modo, preludia el cromatismo de su paleta abstracta\u201d (Viribay 1: 34)<\/span><\/p>\n<p align=\"JUSTIFY\"><span style=\"color: #666699;\">Tomaron por costumbre llamar a su puerta con la cantinela de &#8220;pint\u00f3, p\u00edntame&#8221;, y con sus juegos y sus risas llenaban su espacio y su vida, tan triste y solitaria en aquella \u00e9poca. Esos ni\u00f1os, hoy con sesenta y tantos a\u00f1os, por circunstancias curiosas de la vida, est\u00e1n apareciendo en nuestras vidas, las de la mujer y las hijas del pintor, y aport\u00e1ndonos datos y recuerdos de aquella \u00e9poca en la que mi padre acababa de llegar a Sevilla.<\/span><\/p>\n<p align=\"JUSTIFY\"><span style=\"color: #666699;\">\u201cEstamos poni\u00e9ndole cara, nombres y conociendo las vidas de esos ni\u00f1os que tan presentes han estado siempre en nuestra casa, y a los que s\u00f3lo conoc\u00edamos por sus motes: la rubilla, las loquillas, el goma&#8230;\u201d (Tomado del <a style=\"color: #666699;\" href=\"http:\/\/miguelperezaguilera.blogspot.com\/2007\/05\/los-nios-de-prez-aguilera.html\">Blog<\/a> de la familia de Miguel P\u00e9rez Aguilera).<\/span><\/p>\n<div id='gallery-1' class='gallery galleryid-934 gallery-columns-3 gallery-size-thumbnail'><figure class='gallery-item'>\n\t\t\t<div class='gallery-icon portrait'>\n\t\t\t\t<a href='https:\/\/muvacandalucia.es\/index.php\/2021\/03\/19\/los-ninos-de-su-barrio-en-la-decada-de-los-50\/1-loquillas-1953-oleo-s-cartulina-65x50-cm\/'><img width=\"150\" height=\"150\" src=\"https:\/\/muvacandalucia.es\/wp-content\/uploads\/2021\/03\/1-Loquillas.-1953.-Oleo-s.-cartulina-65x50-cm-150x150.jpg\" class=\"attachment-thumbnail size-thumbnail\" alt=\"Loquillas. (1953). \u00d3leo s. cartulina, 65x50 cm\" decoding=\"async\" loading=\"lazy\" aria-describedby=\"gallery-1-935\" \/><\/a>\n\t\t\t<\/div>\n\t\t\t\t<figcaption class='wp-caption-text gallery-caption' id='gallery-1-935'>\n\t\t\t\tLoquillas. (1953). \u00d3leo s. cartulina, 65&#215;50 cm\n\t\t\t\t<\/figcaption><\/figure><figure class='gallery-item'>\n\t\t\t<div class='gallery-icon portrait'>\n\t\t\t\t<a href='https:\/\/muvacandalucia.es\/index.php\/2021\/03\/19\/los-ninos-de-su-barrio-en-la-decada-de-los-50\/1-nina-con-brazos-cruzados-1957-oleo-s-cartulina-33x51-cm\/'><img width=\"150\" height=\"150\" src=\"https:\/\/muvacandalucia.es\/wp-content\/uploads\/2021\/03\/1-Nina-con-brazos-cruzados.-1957.-Oleo-s.-cartulina-33x51-cm-150x150.jpg\" class=\"attachment-thumbnail size-thumbnail\" alt=\"Ni\u00f1a con brazos cruzados. (1957). \u00d3leo s. cartulina, 33x51 cm\" decoding=\"async\" loading=\"lazy\" aria-describedby=\"gallery-1-936\" \/><\/a>\n\t\t\t<\/div>\n\t\t\t\t<figcaption class='wp-caption-text gallery-caption' id='gallery-1-936'>\n\t\t\t\tNi\u00f1a con brazos cruzados. (1957). \u00d3leo s. cartulina, 33&#215;51 cm\n\t\t\t\t<\/figcaption><\/figure><figure class='gallery-item'>\n\t\t\t<div class='gallery-icon portrait'>\n\t\t\t\t<a href='https:\/\/muvacandalucia.es\/index.php\/2021\/03\/19\/los-ninos-de-su-barrio-en-la-decada-de-los-50\/1-nino-con-jirafa-de-papel-1953-oleo-s-cartulina-51x73-cm\/'><img width=\"150\" height=\"150\" src=\"https:\/\/muvacandalucia.es\/wp-content\/uploads\/2021\/03\/1-Nino-con-jirafa-de-papel-1953.-Oleo-s.-cartulina-51x73-cm-150x150.jpg\" class=\"attachment-thumbnail size-thumbnail\" alt=\"Ni\u00f1o con jirafa de papel (1953). \u00d3leo s. cartulina, 51x73 cm\" decoding=\"async\" loading=\"lazy\" aria-describedby=\"gallery-1-937\" \/><\/a>\n\t\t\t<\/div>\n\t\t\t\t<figcaption class='wp-caption-text gallery-caption' id='gallery-1-937'>\n\t\t\t\tNi\u00f1o con jirafa de papel (1953). \u00d3leo s. cartulina, 51&#215;73 cm\n\t\t\t\t<\/figcaption><\/figure>\n\t\t<\/div>\n\n<p style=\"text-align: right;\"><span style=\"color: #666699;\">Museo Virtual de Arte Contempor\u00e1neo de Andaluc\u00eda<\/span><\/p>\n<p style=\"text-align: right;\"><span style=\"color: #666699;\"><strong>ISSN 2792-1905<\/strong><\/span><\/p>\n<p style=\"text-align: right;\"><span style=\"color: #666699;\">Linares (Ja\u00e9n)<\/span><\/p>\n","protected":false},"excerpt":{"rendered":"<p>Ya en la d\u00e9cada de los 50 del siglo XX, Don Miguel realiza una serie de retratos infantiles de ni\u00f1os buscados por las calles de Sevilla, por su barrio, fechados&hellip;<\/p>\n","protected":false},"author":1,"featured_media":940,"comment_status":"open","ping_status":"open","sticky":false,"template":"","format":"standard","meta":[],"categories":[225],"tags":[232,226,230,233],"jetpack_featured_media_url":"https:\/\/muvacandalucia.es\/wp-content\/uploads\/2021\/03\/nino-con-pajarita-primer-plano.png","_links":{"self":[{"href":"https:\/\/muvacandalucia.es\/index.php\/wp-json\/wp\/v2\/posts\/934"}],"collection":[{"href":"https:\/\/muvacandalucia.es\/index.php\/wp-json\/wp\/v2\/posts"}],"about":[{"href":"https:\/\/muvacandalucia.es\/index.php\/wp-json\/wp\/v2\/types\/post"}],"author":[{"embeddable":true,"href":"https:\/\/muvacandalucia.es\/index.php\/wp-json\/wp\/v2\/users\/1"}],"replies":[{"embeddable":true,"href":"https:\/\/muvacandalucia.es\/index.php\/wp-json\/wp\/v2\/comments?post=934"}],"version-history":[{"count":8,"href":"https:\/\/muvacandalucia.es\/index.php\/wp-json\/wp\/v2\/posts\/934\/revisions"}],"predecessor-version":[{"id":1782,"href":"https:\/\/muvacandalucia.es\/index.php\/wp-json\/wp\/v2\/posts\/934\/revisions\/1782"}],"wp:featuredmedia":[{"embeddable":true,"href":"https:\/\/muvacandalucia.es\/index.php\/wp-json\/wp\/v2\/media\/940"}],"wp:attachment":[{"href":"https:\/\/muvacandalucia.es\/index.php\/wp-json\/wp\/v2\/media?parent=934"}],"wp:term":[{"taxonomy":"category","embeddable":true,"href":"https:\/\/muvacandalucia.es\/index.php\/wp-json\/wp\/v2\/categories?post=934"},{"taxonomy":"post_tag","embeddable":true,"href":"https:\/\/muvacandalucia.es\/index.php\/wp-json\/wp\/v2\/tags?post=934"}],"curies":[{"name":"wp","href":"https:\/\/api.w.org\/{rel}","templated":true}]}}