{"id":929,"date":"2021-03-19T18:34:22","date_gmt":"2021-03-19T18:34:22","guid":{"rendered":"https:\/\/muvaclinares.es\/?p=929"},"modified":"2021-06-04T16:31:04","modified_gmt":"2021-06-04T16:31:04","slug":"uno-de-sus-trabajo-mas-iconicos-figuras-en-reposo","status":"publish","type":"post","link":"https:\/\/muvacandalucia.es\/index.php\/2021\/03\/19\/uno-de-sus-trabajo-mas-iconicos-figuras-en-reposo\/","title":{"rendered":"Uno de sus trabajos m\u00e1s ic\u00f3nicos &#8220;Figuras en reposo&#8221; (Cap. 3)"},"content":{"rendered":"<p align=\"JUSTIFY\"><span style=\"font-family: Calibri, sans-serif; color: #666699;\"><span style=\"font-size: medium;\">A su llegada a Sevilla en 1945, el joven Catedr\u00e1tico de Dibujo del Natural de la Facultad de Bellas Artes de Sevilla formaba parte de la llamada <i>Joven Escuela Madrile\u00f1a<\/i> y hab\u00eda ganado la C\u00e1tedra para la Escuela Superior de Bellas Artes de Santa Isabel de Hungr\u00eda, entre otros ejercicios, con un dibujo titulado <i>Figuras en reposo<\/i> de extraordinaria fuerza y plasticidad.<\/span><\/span><\/p>\n<p align=\"JUSTIFY\"><span style=\"font-family: Calibri, sans-serif; color: #666699;\"><span style=\"font-size: medium;\">Como afirma Viribay Abad, en Aguilera \u201c<i>no solo hab\u00eda cabeza; tambi\u00e9n hab\u00eda una mano capaz de responder con sobrada destreza a lo pensado, que no era otra cosa que desplazar la amable mirada dieciochesca del costumbrismo andaluz e hispalense hacia otro territorio de modernidad m\u00e1s real y descarnado<\/i>\u201d [Viribay 1: 28]. <\/span><\/span><\/p>\n<figure id=\"attachment_930\" aria-describedby=\"caption-attachment-930\" style=\"width: 300px\" class=\"wp-caption alignnone\"><img decoding=\"async\" loading=\"lazy\" class=\"size-medium wp-image-930\" src=\"https:\/\/muvacandalucia.es\/wp-content\/uploads\/2021\/03\/Figuras-en-reposo-1945-Dibujo-106x150-cm-300x192.jpg\" alt=\"\u201cFiguras en reposo\u201d (1945) Dibujo, 106x150 cm. COLECCI\u00d3N PARTICULAR \" width=\"300\" height=\"192\" srcset=\"https:\/\/muvacandalucia.es\/wp-content\/uploads\/2021\/03\/Figuras-en-reposo-1945-Dibujo-106x150-cm-300x192.jpg 300w, https:\/\/muvacandalucia.es\/wp-content\/uploads\/2021\/03\/Figuras-en-reposo-1945-Dibujo-106x150-cm-1024x654.jpg 1024w, https:\/\/muvacandalucia.es\/wp-content\/uploads\/2021\/03\/Figuras-en-reposo-1945-Dibujo-106x150-cm-768x490.jpg 768w, https:\/\/muvacandalucia.es\/wp-content\/uploads\/2021\/03\/Figuras-en-reposo-1945-Dibujo-106x150-cm.jpg 1259w\" sizes=\"(max-width: 300px) 100vw, 300px\" \/><figcaption id=\"caption-attachment-930\" class=\"wp-caption-text\"><\/span> <span style=\"color: #666699;\">\u201cFiguras en reposo\u201d (1945) Dibujo, 106&#215;150 cm. COLECCI\u00d3N PARTICULAR<\/span><\/figcaption><\/figure>\n<p style=\"text-align: right;\"><span style=\"color: #666699;\">Museo Virtual de Arte Contempor\u00e1neo de Andaluc\u00eda<\/span><\/p>\n<p style=\"text-align: right;\"><span style=\"color: #666699;\"><strong>ISSN 2792-1905<\/strong><\/span><\/p>\n<p style=\"text-align: right;\"><span style=\"color: #666699;\">Linares (Ja\u00e9n)<\/span><\/p>\n","protected":false},"excerpt":{"rendered":"<p>A su llegada a Sevilla en 1945, el joven Catedr\u00e1tico de Dibujo del Natural de la Facultad de Bellas Artes de Sevilla formaba parte de la llamada Joven Escuela Madrile\u00f1a&hellip;<\/p>\n","protected":false},"author":1,"featured_media":930,"comment_status":"open","ping_status":"open","sticky":false,"template":"","format":"standard","meta":[],"categories":[225],"tags":[235,90,14,226,230,162],"jetpack_featured_media_url":"https:\/\/muvacandalucia.es\/wp-content\/uploads\/2021\/03\/Figuras-en-reposo-1945-Dibujo-106x150-cm.jpg","_links":{"self":[{"href":"https:\/\/muvacandalucia.es\/index.php\/wp-json\/wp\/v2\/posts\/929"}],"collection":[{"href":"https:\/\/muvacandalucia.es\/index.php\/wp-json\/wp\/v2\/posts"}],"about":[{"href":"https:\/\/muvacandalucia.es\/index.php\/wp-json\/wp\/v2\/types\/post"}],"author":[{"embeddable":true,"href":"https:\/\/muvacandalucia.es\/index.php\/wp-json\/wp\/v2\/users\/1"}],"replies":[{"embeddable":true,"href":"https:\/\/muvacandalucia.es\/index.php\/wp-json\/wp\/v2\/comments?post=929"}],"version-history":[{"count":8,"href":"https:\/\/muvacandalucia.es\/index.php\/wp-json\/wp\/v2\/posts\/929\/revisions"}],"predecessor-version":[{"id":1773,"href":"https:\/\/muvacandalucia.es\/index.php\/wp-json\/wp\/v2\/posts\/929\/revisions\/1773"}],"wp:featuredmedia":[{"embeddable":true,"href":"https:\/\/muvacandalucia.es\/index.php\/wp-json\/wp\/v2\/media\/930"}],"wp:attachment":[{"href":"https:\/\/muvacandalucia.es\/index.php\/wp-json\/wp\/v2\/media?parent=929"}],"wp:term":[{"taxonomy":"category","embeddable":true,"href":"https:\/\/muvacandalucia.es\/index.php\/wp-json\/wp\/v2\/categories?post=929"},{"taxonomy":"post_tag","embeddable":true,"href":"https:\/\/muvacandalucia.es\/index.php\/wp-json\/wp\/v2\/tags?post=929"}],"curies":[{"name":"wp","href":"https:\/\/api.w.org\/{rel}","templated":true}]}}