{"id":918,"date":"2021-03-19T18:30:08","date_gmt":"2021-03-19T18:30:08","guid":{"rendered":"https:\/\/muvaclinares.es\/?p=918"},"modified":"2021-06-04T16:27:10","modified_gmt":"2021-06-04T16:27:10","slug":"miguel-perez-aguilera-una-vida-dedicada-a-la-docencia-y-al-arte","status":"publish","type":"post","link":"https:\/\/muvacandalucia.es\/index.php\/2021\/03\/19\/miguel-perez-aguilera-una-vida-dedicada-a-la-docencia-y-al-arte\/","title":{"rendered":"Miguel P\u00e9rez Aguilera: una vida dedicada a la docencia y al arte (Cap. 1)"},"content":{"rendered":"<p align=\"JUSTIFY\"><span style=\"color: #666699;\"><span style=\"font-family: Calibri, sans-serif;\"><span style=\"font-size: medium;\">Miguel P\u00e9rez Aguilera nace en Linares en 1915 y fallece en 2004 en Sevilla. El joven P\u00e9rez Aguilera pas\u00f3 en su localidad natal parte de su infancia si exceptuamos el periplo familiar a causa de los traslados forzosos por motivos laborales de su padre (teniente de la Guardia Civil) por Granada (Santa Fe 1918-26) y Barcelona (1926-28) tras el cual vuelve a Linares en 1928. All\u00ed estudia y alcanza la titulaci\u00f3n de Perito Industrial tras lo cual se traslada a Granada en 1931. Miguel hac\u00eda tiempo que hab\u00eda descubierto su afici\u00f3n por el dibujo gracias a su maestro nacional el se\u00f1or Murias.<\/span><\/span><\/span><\/p>\n<p align=\"JUSTIFY\"><span style=\"font-family: Calibri, sans-serif; color: #666699;\"><span style=\"font-size: medium;\">En Granada, trabaj\u00f3 como delineante y se matricul\u00f3 en 1935 en la <i>Escuela de Artes y Oficios Art\u00edsticos de Granada,<\/i> donde es disc\u00edpulo de Gabriel Morcillo y traba amistad con su compa\u00f1ero Jos\u00e9 Guerrero. Paralelamente dibuja para peri\u00f3dicos locales sin firmar sus trabajos.<\/span><\/span><\/p>\n<p align=\"JUSTIFY\"><span style=\"font-family: Calibri, sans-serif; color: #666699;\"><span style=\"font-size: medium;\">Al acabar la Guerra Civil, ingresa en la <i>Escuela Superior de Bellas Artes de San Fernando<\/i> en Madrid y en 1941 obtiene la importante <em>Beca El Paular<\/em>. Un a\u00f1o despu\u00e9s finaliza su carrera como profesor de dibujo en la Escuela Superior. Merced a la <i>Beca Conde de Cartagena<\/i> se traslada durante un a\u00f1o a Barcelona donde realiza su primera exposici\u00f3n en solitario tras lo cual, ya de vuelta en Madrid, publica sin firma en revistas como \u201c<i>Haz\u201d<\/i> y<i> \u201cEstafeta Literaria<\/i>\u201d y obtiene el nombramiento de Socio de M\u00e9rito de la Asociaci\u00f3n de Pintores Espa\u00f1oles por su obra \u201c<i>Bodeg\u00f3n del Jam\u00f3n<\/i>\u201d y consigue la c\u00e1tedra de Dibujo al Natural de la Escuela Superior de Bellas Artes de Sevilla el 13 de diciembre del mismo a\u00f1o.<\/span><\/span><\/p>\n<p align=\"JUSTIFY\"><span style=\"color: #666699;\"><span style=\"font-family: Calibri, sans-serif;\"><span style=\"font-size: medium;\">Tras su toma de posesi\u00f3n el 11 de enero de 1946, se instala en Sevilla para conseguir en 1947 pasa un a\u00f1o en la capital de Francia durante el cual experimenta una marcada influencia de las vanguardias art\u00edsticas al entrar en contacto con las grandes aportaciones de la pintura postimpresionista.<\/span><\/span><\/span><\/p>\n<p align=\"JUSTIFY\"><span style=\"color: #666699;\"><span style=\"font-family: Calibri, sans-serif;\"><span style=\"font-size: medium;\">M\u00e1s adelante, 1956, una nueva pensi\u00f3n de estudios le permite permanecer en italia un trimestre completo en el que se desplaza por N\u00e1poles, Roma, Florencia y Venecia.<\/span><\/span><\/span><\/p>\n<p align=\"JUSTIFY\"><span style=\"color: #666699;\"><span style=\"font-family: Calibri, sans-serif;\"><span style=\"font-size: medium;\">En 1965 gana la plaza de Profesor de T\u00e9rmino de Colorido y Procedimientos Pict\u00f3ricos de la <i>Escuela de Artes Aplicadas y Oficios Art\u00edsticos de Sevilla.<\/i><\/span><\/span><\/span><\/p>\n<p align=\"JUSTIFY\"><span style=\"color: #666699;\"><span style=\"font-family: Calibri, sans-serif;\"><span style=\"font-size: medium;\">En este momento, el pintor sufre una aguda crisis de creatividad hastiado de la pintura figurativa que hab\u00eda practicado hasta ese momento a la que lleg\u00f3 a considerar insulsa y carente de capacidad de tranmitir. Esta crisis lo lleva a dejar los pinceles durante dos a\u00f1os tras los cuales regresa a la pintura con un renovado \u00e1nimo tras tomar la decisi\u00f3n de abandonar lo figurativo para entrar en una novedosa fase en la que abraza la abstracci\u00f3n como m\u00e1xima f\u00f3rmula de expresi\u00f3n.<\/span><\/span><\/span><\/p>\n<figure id=\"attachment_922\" aria-describedby=\"caption-attachment-922\" style=\"width: 300px\" class=\"wp-caption alignnone\"><img decoding=\"async\" loading=\"lazy\" class=\"size-full wp-image-922\" src=\"https:\/\/muvacandalucia.es\/wp-content\/uploads\/2021\/03\/Miguel-Perez-Aguilera.jpg\" alt=\"Retrato de Miguel P\u00e9rez Aguilera\" width=\"300\" height=\"300\" srcset=\"https:\/\/muvacandalucia.es\/wp-content\/uploads\/2021\/03\/Miguel-Perez-Aguilera.jpg 300w, https:\/\/muvacandalucia.es\/wp-content\/uploads\/2021\/03\/Miguel-Perez-Aguilera-150x150.jpg 150w\" sizes=\"(max-width: 300px) 100vw, 300px\" \/><figcaption id=\"caption-attachment-922\" class=\"wp-caption-text\"><\/span> <span style=\"color: #666699;\">Miguel P\u00e9rez Aguilera<\/span><\/figcaption><\/figure>\n<p align=\"JUSTIFY\"><span style=\"color: #666699;\"><span style=\"font-family: Calibri, sans-serif;\"><span style=\"font-size: medium;\">Ingresa en la Academia de Bellas Artes de Granada en 1979 y en 1982 recibe un homenaje en el <em>Centro Pompidou<\/em> de Par\u00eds<i>. <\/i><\/span><\/span><\/span><\/p>\n<p align=\"JUSTIFY\"><span style=\"color: #666699;\"><span style=\"font-family: Calibri, sans-serif;\"><span style=\"font-size: medium;\">Su labor profesional como docente concluye con su jubilaci\u00f3n 1985 tras lo cual su labor es reconocida a\u00fan m\u00e1s con su nombramiento en 1986 como catedr\u00e1tico em\u00e9rito de la Universidad de Sevilla en la que seguir\u00e1 dando cursos de doctorado.<\/span><\/span><\/span><\/p>\n<p align=\"JUSTIFY\"><span style=\"color: #666699;\"><span style=\"font-family: Calibri, sans-serif;\"><span style=\"font-size: medium;\">Adicionalmente, P\u00e9rez Aguilera form\u00f3 parte de la Asociaci\u00f3n de Artistas Pl\u00e1sticos de Ja\u00e9n (Aplaja) y es considerado un artista clave en el arte contempor\u00e1neo andaluz como docente y como adalid de la modernidad europea y creador de la escuela sevillana de pintura.<\/span><\/span><\/span><\/p>\n<p style=\"text-align: right;\"><span style=\"color: #666699;\">Museo Virtual de Arte Contempor\u00e1neo de Andaluc\u00eda<\/span><\/p>\n<p style=\"text-align: right;\"><span style=\"color: #666699;\"><strong>ISSN 2792-1905<\/strong><\/span><\/p>\n<p style=\"text-align: right;\"><span style=\"color: #666699;\">Linares (Ja\u00e9n)<\/span><\/p>\n","protected":false},"excerpt":{"rendered":"<p>Miguel P\u00e9rez Aguilera nace en Linares en 1915 y fallece en 2004 en Sevilla. El joven P\u00e9rez Aguilera pas\u00f3 en su localidad natal parte de su infancia si exceptuamos el&hellip;<\/p>\n","protected":false},"author":1,"featured_media":920,"comment_status":"open","ping_status":"open","sticky":false,"template":"","format":"standard","meta":[],"categories":[225],"tags":[90,14,226,230,162],"jetpack_featured_media_url":"https:\/\/muvacandalucia.es\/wp-content\/uploads\/2021\/03\/Miguel-Perez-Aguilera-retratado-Remedios_1531357759_129791007_667x375.jpg","_links":{"self":[{"href":"https:\/\/muvacandalucia.es\/index.php\/wp-json\/wp\/v2\/posts\/918"}],"collection":[{"href":"https:\/\/muvacandalucia.es\/index.php\/wp-json\/wp\/v2\/posts"}],"about":[{"href":"https:\/\/muvacandalucia.es\/index.php\/wp-json\/wp\/v2\/types\/post"}],"author":[{"embeddable":true,"href":"https:\/\/muvacandalucia.es\/index.php\/wp-json\/wp\/v2\/users\/1"}],"replies":[{"embeddable":true,"href":"https:\/\/muvacandalucia.es\/index.php\/wp-json\/wp\/v2\/comments?post=918"}],"version-history":[{"count":9,"href":"https:\/\/muvacandalucia.es\/index.php\/wp-json\/wp\/v2\/posts\/918\/revisions"}],"predecessor-version":[{"id":1770,"href":"https:\/\/muvacandalucia.es\/index.php\/wp-json\/wp\/v2\/posts\/918\/revisions\/1770"}],"wp:featuredmedia":[{"embeddable":true,"href":"https:\/\/muvacandalucia.es\/index.php\/wp-json\/wp\/v2\/media\/920"}],"wp:attachment":[{"href":"https:\/\/muvacandalucia.es\/index.php\/wp-json\/wp\/v2\/media?parent=918"}],"wp:term":[{"taxonomy":"category","embeddable":true,"href":"https:\/\/muvacandalucia.es\/index.php\/wp-json\/wp\/v2\/categories?post=918"},{"taxonomy":"post_tag","embeddable":true,"href":"https:\/\/muvacandalucia.es\/index.php\/wp-json\/wp\/v2\/tags?post=918"}],"curies":[{"name":"wp","href":"https:\/\/api.w.org\/{rel}","templated":true}]}}