{"id":910,"date":"2021-03-15T08:47:27","date_gmt":"2021-03-15T08:47:27","guid":{"rendered":"https:\/\/muvaclinares.es\/?p=910"},"modified":"2021-03-30T11:22:10","modified_gmt":"2021-03-30T11:22:10","slug":"67-sebastian-garcia-garrido","status":"publish","type":"post","link":"https:\/\/muvacandalucia.es\/index.php\/2021\/03\/15\/67-sebastian-garcia-garrido\/","title":{"rendered":"67 Sebasti\u00e1n Garc\u00eda Garrido"},"content":{"rendered":"<div>\n<p>Natural de Ronda, estudia los cinco a\u00f1os de su licenciatura en Sevilla,\u00a0 y los de doctorado en Salamanca.<br \/>\nDesde su incorporaci\u00f3n a la Universidad de M\u00e1laga tiene su casa y estudio en Benalm\u00e1dena, que comparte con su trabajo y actividades en M\u00e1laga.<\/p>\n<p>Catedr\u00e1tico de Universidad del \u00e1rea de Dibujo, con perfil Dise\u00f1o de Comunicaci\u00f3n. Departamento Arte y Arquitectura. Numerario de la Real Academia de Bellas Artes de San Telmo.<\/p>\n<p>Sebasti\u00e1n Garcia es adem\u00e1s director de diferentes publicaciones peri\u00f3dicas.Pintor, grabador y dise\u00f1ador \u2014gr\u00e1fico, comunicaci\u00f3n corporativa institucional, se\u00f1al\u00e9tica y dise\u00f1o arquitect\u00f3nico\u2014 Ha expuesto su obra en las m\u00e1s prestigiosas galer\u00edas nacionales e internacionales.<\/p>\n<p><a href=\"https:\/\/www.sebastiangarciagarrido.org\/newpage\">Informaci\u00f3n adicional<\/a><\/p>\n<\/div>\n<div>67<\/div>\n<div>Autor: Sebasti\u00e1n Garc\u00eda Garrido<\/div>\n<div>T\u00edtulo: <i>S\/T<\/i><\/div>\n<div>Dimensiones: 50 x 70<\/div>\n<div>T\u00e9cnica: Impresi\u00f3n digital<\/div>\n<div><\/div>\n<div><\/div>\n<div><\/div>\n<div>\n<p>LA FIJACI\u00d3N INSTINTIVA DE BUSCAR LA L\u00cdNEA DEFINITIVA<\/p>\n<figure id=\"attachment_985\" aria-describedby=\"caption-attachment-985\" style=\"width: 169px\" class=\"wp-caption alignleft\"><img decoding=\"async\" loading=\"lazy\" class=\"size-medium wp-image-985\" src=\"https:\/\/muvacandalucia.es\/wp-content\/uploads\/2021\/03\/67-Sebastian-Garcia-Garrido-Valle-del-Guadalevin-2019-169x300.jpg\" alt=\"67 Sebasti\u00e1n Garc\u00eda Garrido, Valle del Guadalev\u00edn, 2019\" width=\"169\" height=\"300\" srcset=\"https:\/\/muvacandalucia.es\/wp-content\/uploads\/2021\/03\/67-Sebastian-Garcia-Garrido-Valle-del-Guadalevin-2019-169x300.jpg 169w, https:\/\/muvacandalucia.es\/wp-content\/uploads\/2021\/03\/67-Sebastian-Garcia-Garrido-Valle-del-Guadalevin-2019.jpg 483w\" sizes=\"(max-width: 169px) 100vw, 169px\" \/><figcaption id=\"caption-attachment-985\" class=\"wp-caption-text\">67 Sebasti\u00e1n Garc\u00eda Garrido, Valle del Guadalev\u00edn, 2019<\/figcaption><\/figure>\n<p align=\"JUSTIFY\">Sin lugar a dudas, me perd\u00ed en mi trayectoria como estudiante de Bellas Artes las lecciones de don Miguel P\u00e9rez Aguilera, en Dibujo del Natural. Enesos a\u00f1os no sab\u00eda qu\u00e9 le hac\u00eda tan considerado por mis compa\u00f1eros de moci\u00f3n que tuvieron la fortuna de pertenecer al grupo que \u00e9l impart\u00eda. Cuando descubr\u00ed su obra pict\u00f3rica me sorprendi\u00f3 la base geom\u00e9trica y la tem\u00e1tica abstracta tan poco frecuente entre el profesorado. Pero m\u00e1s a\u00fan me sorprendi\u00f3<br \/>\nque tuviera el mismo defecto que yo cuando tuve que enfrentarme a las clases de Dibujo del Natural. Me costaba mucho seguir el procedimiento acad\u00e9mico<br \/>\nque yo mismo ense\u00f1o a mis alumnos, de establecer las l\u00edneas compositivas y las referencias del encaje, para ir construyendo las formas generales hasta resolver, en relaci\u00f3n con ellas, todos los detalles.<br \/>\nTen\u00eda la fi jaci\u00f3n instintiva, que no pod\u00eda evitar, de buscar la l\u00ednea defi nitiva, aunque tuviese que borrar m\u00e1s que dibujar, para ir encajando unas y otras trayectorias. Casi a fi nal del curso de primero, que mi profesor tard\u00f3 un poco m\u00e1s, en pasar a supervisarme, me hab\u00eda dado tiempo a terminar la Madonna con el ni\u00f1o de Miguel \u00c1ngel y estar sombreando la cabeza, para que el resultado fuese el mismo que siguiendo el m\u00e9todo del encaje sucesivo.<br \/>\nEntonces el profesor, lejos de insistirme en el m\u00e9todo acad\u00e9mico, me dijo que fi nalmente deb\u00eda darme la raz\u00f3n para poder seguir este otro m\u00e9todo porque el resultado era correcto.<br \/>\nCreo que a don Miguel le habr\u00eda gustado m\u00e1s ver un dibujo de este tipo, como homenaje, que una p\u00e1gina m\u00e1s de texto. Cuando descubr\u00ed sus dibujos comprob\u00e9 que eran tambi\u00e9n de un solo trazo decisivo y con el m\u00ednimo detalle, eran fi guras realmente limpias y proporcionadas, que comunicaban una armon\u00eda plena de la composici\u00f3n y una maestr\u00eda excelente en el encaje. El motivo m\u00e1s sencillo, como puedan ser unos p\u00e1jaros o unos conejos, adquiere un encanto especial con el que me identifi co personalmente. Habr\u00eda disfrutado mucho hoy con la tecnolog\u00eda vectorial, que permite un mayor \u00e1mbito de uso de la l\u00ednea, que puede componerse, a su vez, en dos l\u00edneas que se corresponden con uno y otro borde de cada una de ellas, y modifi carlas mediante puntos de anclaje y tensores para buscar la expresi\u00f3n m\u00e1s adecuada en cada detalle.<br \/>\nTambi\u00e9n la l\u00ednea cl\u00e1sica de un boceto a l\u00e1piz, o a tinta, podemos traducirla a un programa vectorial\u2026 es el procedimiento que m\u00e1s utilizo y con el que me identifi co con esos dibujos de ni\u00f1os y de animales dom\u00e9sticos de P\u00e9rez Aguilera. Me habr\u00eda animado haber conocido antes sus dibujos y comprobar que alguien tan admirado dibujaba con el mismo concepto, que me identifi caba pero al mismo tiempo me causaba inseguridad. Entonces asum\u00ed que mi dibujo no era un medio para la pintura sino un fi n en s\u00ed mismo, con cuya ejecuci\u00f3n estaba resuelto mi inter\u00e9s por la obra. Mi pintura era un mosaico del dibujo que deb\u00eda completar con los colores, y en el conjunto del resultado de color, en lugar de una aproximaci\u00f3n sucesiva como es el m\u00e9todo habitual.<\/p>\n<p style=\"text-align: right;\" align=\"JUSTIFY\">\nSebasti\u00e1n Garc\u00eda Garrido<br \/>\nCatedr\u00e1tico de Dibujo en la Universidad de M\u00e1laga<br \/>\nSebasti\u00e1n Garc\u00eda Garrido<br \/>\nValle del Guadalev\u00edn, 2019. Dibujo vectorial.<br \/>\nEstampaci\u00f3n digital Gicl\u00e9e en 2 series:<br \/>\n7 ejemplares 70&#215;100 cm sobre lienzo Canson Museum Canvas Matte 440.<br \/>\n7 ejemplares 50&#215;70 cm sobre papel Hahnem\u00fchle Bamboo.<br \/>\nPrueba de artista para exposici\u00f3n Homenaje a Miguel P\u00e9rez\u00a0 Aguilera,<br \/>\n50&#215;70 cm<br \/>\nsobre papel Hahnem\u00fchle Bamboo.<\/p>\n<\/div>\n","protected":false},"excerpt":{"rendered":"<p>Natural de Ronda, estudia los cinco a\u00f1os de su licenciatura en Sevilla,\u00a0 y los de doctorado en Salamanca. Desde su incorporaci\u00f3n a la Universidad de M\u00e1laga tiene su casa y&hellip;<\/p>\n","protected":false},"author":1,"featured_media":0,"comment_status":"open","ping_status":"open","sticky":false,"template":"","format":"standard","meta":[],"categories":[234,225],"tags":[235,90,14,226,230,270,162],"jetpack_featured_media_url":"","_links":{"self":[{"href":"https:\/\/muvacandalucia.es\/index.php\/wp-json\/wp\/v2\/posts\/910"}],"collection":[{"href":"https:\/\/muvacandalucia.es\/index.php\/wp-json\/wp\/v2\/posts"}],"about":[{"href":"https:\/\/muvacandalucia.es\/index.php\/wp-json\/wp\/v2\/types\/post"}],"author":[{"embeddable":true,"href":"https:\/\/muvacandalucia.es\/index.php\/wp-json\/wp\/v2\/users\/1"}],"replies":[{"embeddable":true,"href":"https:\/\/muvacandalucia.es\/index.php\/wp-json\/wp\/v2\/comments?post=910"}],"version-history":[{"count":4,"href":"https:\/\/muvacandalucia.es\/index.php\/wp-json\/wp\/v2\/posts\/910\/revisions"}],"predecessor-version":[{"id":1287,"href":"https:\/\/muvacandalucia.es\/index.php\/wp-json\/wp\/v2\/posts\/910\/revisions\/1287"}],"wp:attachment":[{"href":"https:\/\/muvacandalucia.es\/index.php\/wp-json\/wp\/v2\/media?parent=910"}],"wp:term":[{"taxonomy":"category","embeddable":true,"href":"https:\/\/muvacandalucia.es\/index.php\/wp-json\/wp\/v2\/categories?post=910"},{"taxonomy":"post_tag","embeddable":true,"href":"https:\/\/muvacandalucia.es\/index.php\/wp-json\/wp\/v2\/tags?post=910"}],"curies":[{"name":"wp","href":"https:\/\/api.w.org\/{rel}","templated":true}]}}