{"id":908,"date":"2021-03-15T08:45:49","date_gmt":"2021-03-15T08:45:49","guid":{"rendered":"https:\/\/muvaclinares.es\/?p=908"},"modified":"2021-03-20T06:57:29","modified_gmt":"2021-03-20T06:57:29","slug":"66-jose-luis-villen","status":"publish","type":"post","link":"https:\/\/muvacandalucia.es\/index.php\/2021\/03\/15\/66-jose-luis-villen\/","title":{"rendered":"66 Jos\u00e9 Luis Vill\u00e9n"},"content":{"rendered":"<div>66<\/div>\n<div>Autor: Jos\u00e9 Luis Vill\u00e9n<\/div>\n<div>T\u00edtulo: <i>S\/T<\/i><\/div>\n<div>Dimensiones: 50 x 70<\/div>\n<div>T\u00e9cnica: T\u00e9cnica mixta sobre papel<\/div>\n","protected":false},"excerpt":{"rendered":"<p>66 Autor: Jos\u00e9 Luis Vill\u00e9n T\u00edtulo: S\/T Dimensiones: 50 x 70 T\u00e9cnica: T\u00e9cnica mixta sobre papel<\/p>\n","protected":false},"author":1,"featured_media":0,"comment_status":"open","ping_status":"open","sticky":false,"template":"","format":"standard","meta":[],"categories":[234,225],"tags":[235,90,14,226,230,162],"jetpack_featured_media_url":"","_links":{"self":[{"href":"https:\/\/muvacandalucia.es\/index.php\/wp-json\/wp\/v2\/posts\/908"}],"collection":[{"href":"https:\/\/muvacandalucia.es\/index.php\/wp-json\/wp\/v2\/posts"}],"about":[{"href":"https:\/\/muvacandalucia.es\/index.php\/wp-json\/wp\/v2\/types\/post"}],"author":[{"embeddable":true,"href":"https:\/\/muvacandalucia.es\/index.php\/wp-json\/wp\/v2\/users\/1"}],"replies":[{"embeddable":true,"href":"https:\/\/muvacandalucia.es\/index.php\/wp-json\/wp\/v2\/comments?post=908"}],"version-history":[{"count":1,"href":"https:\/\/muvacandalucia.es\/index.php\/wp-json\/wp\/v2\/posts\/908\/revisions"}],"predecessor-version":[{"id":909,"href":"https:\/\/muvacandalucia.es\/index.php\/wp-json\/wp\/v2\/posts\/908\/revisions\/909"}],"wp:attachment":[{"href":"https:\/\/muvacandalucia.es\/index.php\/wp-json\/wp\/v2\/media?parent=908"}],"wp:term":[{"taxonomy":"category","embeddable":true,"href":"https:\/\/muvacandalucia.es\/index.php\/wp-json\/wp\/v2\/categories?post=908"},{"taxonomy":"post_tag","embeddable":true,"href":"https:\/\/muvacandalucia.es\/index.php\/wp-json\/wp\/v2\/tags?post=908"}],"curies":[{"name":"wp","href":"https:\/\/api.w.org\/{rel}","templated":true}]}}