{"id":902,"date":"2021-03-15T08:40:33","date_gmt":"2021-03-15T08:40:33","guid":{"rendered":"https:\/\/muvaclinares.es\/?p=902"},"modified":"2021-03-30T11:36:28","modified_gmt":"2021-03-30T11:36:28","slug":"63-pilar-vera","status":"publish","type":"post","link":"https:\/\/muvacandalucia.es\/index.php\/2021\/03\/15\/63-pilar-vera\/","title":{"rendered":"63 Pilar Vera"},"content":{"rendered":"<div>63<\/div>\n<div>Autora: Pilar Vera<\/div>\n<div>T\u00edtulo: S<i>onrisa<\/i><\/div>\n<div>Dimensiones: 63 x 45 ,5 cm<\/div>\n<div>T\u00e9cnica: Falso Grabado<\/div>\n<div>\n<figure id=\"attachment_996\" aria-describedby=\"caption-attachment-996\" style=\"width: 225px\" class=\"wp-caption alignleft\"><img decoding=\"async\" loading=\"lazy\" class=\"size-medium wp-image-996\" src=\"https:\/\/muvacandalucia.es\/wp-content\/uploads\/2021\/03\/63-pilar-vera-sonrisa-225x300.jpg\" alt=\"63 Autora: Pilar Vera T\u00edtulo: Sonrisa Dimensiones: 63 x 45 ,5 cm T\u00e9cnica: Falso Grabado\" width=\"225\" height=\"300\" srcset=\"https:\/\/muvacandalucia.es\/wp-content\/uploads\/2021\/03\/63-pilar-vera-sonrisa-225x300.jpg 225w, https:\/\/muvacandalucia.es\/wp-content\/uploads\/2021\/03\/63-pilar-vera-sonrisa.jpg 563w\" sizes=\"(max-width: 225px) 100vw, 225px\" \/><figcaption id=\"caption-attachment-996\" class=\"wp-caption-text\">63<br \/>Autora: Pilar Vera<br \/>T\u00edtulo: Sonrisa<br \/>Dimensiones: 63 x 45 ,5 cm<br \/>T\u00e9cnica: Falso Grabado<\/figcaption><\/figure>\n<\/div>\n<div><\/div>\n<div>\n<p align=\"JUSTIFY\">El conocimiento que tengo de P\u00e9rez Aguilera me viene al contraer matrimonio con Lolo Pav\u00f3n, que fue alumno del \u00abmaestro\u00bb en segundo de carrera y hasta su jubilaci\u00f3n, y por el que sent\u00eda gran admiraci\u00f3n tanto por su obra como por la forma de impartir las clases.<br \/>\nCristina, hija de Perez Aguilera, fue compa\u00f1era de clase de Lolo, lo que permiti\u00f3 que conociera m\u00e1s en profundidad su obra y me trasmitiera a m\u00ed sus conocimientos. No tuve la suerte de conocer en persona al maestro, a pesar de haber estudiado Bellas Artes en la Facultad de Sevilla, por haberse jubilado con anterioridad, aunque s\u00ed mantengo amistad personal con su hija.<\/p>\n<\/div>\n<div style=\"text-align: right;\">Pilar Vera S\u00e1nchez<\/div>\n","protected":false},"excerpt":{"rendered":"<p>63 Autora: Pilar Vera T\u00edtulo: Sonrisa Dimensiones: 63 x 45 ,5 cm T\u00e9cnica: Falso Grabado El conocimiento que tengo de P\u00e9rez Aguilera me viene al contraer matrimonio con Lolo Pav\u00f3n,&hellip;<\/p>\n","protected":false},"author":1,"featured_media":0,"comment_status":"open","ping_status":"open","sticky":false,"template":"","format":"standard","meta":[],"categories":[234,225],"tags":[235,90,14,226,230,162],"jetpack_featured_media_url":"","_links":{"self":[{"href":"https:\/\/muvacandalucia.es\/index.php\/wp-json\/wp\/v2\/posts\/902"}],"collection":[{"href":"https:\/\/muvacandalucia.es\/index.php\/wp-json\/wp\/v2\/posts"}],"about":[{"href":"https:\/\/muvacandalucia.es\/index.php\/wp-json\/wp\/v2\/types\/post"}],"author":[{"embeddable":true,"href":"https:\/\/muvacandalucia.es\/index.php\/wp-json\/wp\/v2\/users\/1"}],"replies":[{"embeddable":true,"href":"https:\/\/muvacandalucia.es\/index.php\/wp-json\/wp\/v2\/comments?post=902"}],"version-history":[{"count":4,"href":"https:\/\/muvacandalucia.es\/index.php\/wp-json\/wp\/v2\/posts\/902\/revisions"}],"predecessor-version":[{"id":1288,"href":"https:\/\/muvacandalucia.es\/index.php\/wp-json\/wp\/v2\/posts\/902\/revisions\/1288"}],"wp:attachment":[{"href":"https:\/\/muvacandalucia.es\/index.php\/wp-json\/wp\/v2\/media?parent=902"}],"wp:term":[{"taxonomy":"category","embeddable":true,"href":"https:\/\/muvacandalucia.es\/index.php\/wp-json\/wp\/v2\/categories?post=902"},{"taxonomy":"post_tag","embeddable":true,"href":"https:\/\/muvacandalucia.es\/index.php\/wp-json\/wp\/v2\/tags?post=902"}],"curies":[{"name":"wp","href":"https:\/\/api.w.org\/{rel}","templated":true}]}}