{"id":899,"date":"2021-03-15T06:35:45","date_gmt":"2021-03-15T06:35:45","guid":{"rendered":"https:\/\/muvaclinares.es\/?p=899"},"modified":"2021-03-20T07:52:18","modified_gmt":"2021-03-20T07:52:18","slug":"62-luisa-tous","status":"publish","type":"post","link":"https:\/\/muvacandalucia.es\/index.php\/2021\/03\/15\/62-luisa-tous\/","title":{"rendered":"62 Luisa Tous"},"content":{"rendered":"<div>62<\/div>\n<div>Autora: Luisa Tous<\/div>\n<div>T\u00edtulo: <i>S\/T<\/i><\/div>\n<div>Dimensiones: 50 x 70 cm<\/div>\n<div>T\u00e9cnica : Mixta<\/div>\n<div>\n<figure id=\"attachment_999\" aria-describedby=\"caption-attachment-999\" style=\"width: 221px\" class=\"wp-caption alignleft\"><img decoding=\"async\" loading=\"lazy\" class=\"size-medium wp-image-999\" src=\"https:\/\/muvacandalucia.es\/wp-content\/uploads\/2021\/03\/62-tous-221x300.jpg\" alt=\"Luisa Tous\" width=\"221\" height=\"300\" srcset=\"https:\/\/muvacandalucia.es\/wp-content\/uploads\/2021\/03\/62-tous-221x300.jpg 221w, https:\/\/muvacandalucia.es\/wp-content\/uploads\/2021\/03\/62-tous.jpg 586w\" sizes=\"(max-width: 221px) 100vw, 221px\" \/><figcaption id=\"caption-attachment-999\" class=\"wp-caption-text\">Luisa Tous<\/figcaption><\/figure>\n<\/div>\n<div>\n<p align=\"JUSTIFY\">\u201cComposici\u00f3n y colorido\u201d. Me anim\u00f3 a irme a Madrid y estuve all\u00ed dibujando en el C\u00edrculo de Bellas Artes un tiempo. Despu\u00e9s fue mi profesor de Dibujo en la Facultad de Bellas Artes de Sevilla. Tuve amistad con \u00e9l y a menudo iba a visitarlo a su casa para ver y hablar de su obra. Magn\u00edfi co y genial profesor y a\u00fan mejor como persona\u201d.<\/p>\n<p style=\"text-align: right;\" align=\"JUSTIFY\">Luisa Tous<br \/>\nLicenciada en Bellas Artes<br \/>\nProfesora de Dibujo<\/p>\n<\/div>\n","protected":false},"excerpt":{"rendered":"<p>62 Autora: Luisa Tous T\u00edtulo: S\/T Dimensiones: 50 x 70 cm T\u00e9cnica : Mixta \u201cComposici\u00f3n y colorido\u201d. Me anim\u00f3 a irme a Madrid y estuve all\u00ed dibujando en el C\u00edrculo&hellip;<\/p>\n","protected":false},"author":1,"featured_media":0,"comment_status":"open","ping_status":"open","sticky":false,"template":"","format":"standard","meta":[],"categories":[234,225],"tags":[235,90,14,226,230,162],"jetpack_featured_media_url":"","_links":{"self":[{"href":"https:\/\/muvacandalucia.es\/index.php\/wp-json\/wp\/v2\/posts\/899"}],"collection":[{"href":"https:\/\/muvacandalucia.es\/index.php\/wp-json\/wp\/v2\/posts"}],"about":[{"href":"https:\/\/muvacandalucia.es\/index.php\/wp-json\/wp\/v2\/types\/post"}],"author":[{"embeddable":true,"href":"https:\/\/muvacandalucia.es\/index.php\/wp-json\/wp\/v2\/users\/1"}],"replies":[{"embeddable":true,"href":"https:\/\/muvacandalucia.es\/index.php\/wp-json\/wp\/v2\/comments?post=899"}],"version-history":[{"count":4,"href":"https:\/\/muvacandalucia.es\/index.php\/wp-json\/wp\/v2\/posts\/899\/revisions"}],"predecessor-version":[{"id":1001,"href":"https:\/\/muvacandalucia.es\/index.php\/wp-json\/wp\/v2\/posts\/899\/revisions\/1001"}],"wp:attachment":[{"href":"https:\/\/muvacandalucia.es\/index.php\/wp-json\/wp\/v2\/media?parent=899"}],"wp:term":[{"taxonomy":"category","embeddable":true,"href":"https:\/\/muvacandalucia.es\/index.php\/wp-json\/wp\/v2\/categories?post=899"},{"taxonomy":"post_tag","embeddable":true,"href":"https:\/\/muvacandalucia.es\/index.php\/wp-json\/wp\/v2\/tags?post=899"}],"curies":[{"name":"wp","href":"https:\/\/api.w.org\/{rel}","templated":true}]}}