{"id":888,"date":"2021-03-15T06:28:34","date_gmt":"2021-03-15T06:28:34","guid":{"rendered":"https:\/\/muvaclinares.es\/?p=888"},"modified":"2021-03-22T11:08:02","modified_gmt":"2021-03-22T11:08:02","slug":"57-mar-rubin-de-celis","status":"publish","type":"post","link":"https:\/\/muvacandalucia.es\/index.php\/2021\/03\/15\/57-mar-rubin-de-celis\/","title":{"rendered":"57 Mar Rub\u00edn de Celis"},"content":{"rendered":"<div>57<\/div>\n<div>Autora: Mar Rub\u00edn de Celis<\/div>\n<div>T\u00edtulo: <i>Retrato de Jos\u00e9 M\u00aa Clemente<\/i><\/div>\n<div>Dimensiones: 60 x 40<\/div>\n<div>T\u00e9cnica: dibujo sobre \u00a0papel continuo<\/div>\n<div>ALGO QUE RECORDAR SOBRE D. MIGUEL P\u00c9REZ AGUILERA<br \/>\nCu\u00e1ntas palabras se quedaron en el tintero\u2026<br \/>\nFolios y folios escritos a mano con tinta azul con varias plumas desgastadas, rotas de emborronar cientos de papeles, porque era importante lo que llevaba entre manos. Era algo que recordar para ser sellado con tinta indeleble, como un documento ante notario para que no desapareciera con el paso del tiempo.<br \/>\nSobre todo, no pod\u00eda permitir que toda la confi anza que D. Miguel deposit\u00f3 en m\u00ed al entregarme parte de su vida en multitud de documentos e im\u00e1genes, se viera olvidada, convirti\u00e9ndose en p\u00e1ginas abandonadas y amarillentas como un trabajo m\u00e1s de clase.<br \/>\nAl mismo tiempo, hab\u00eda muchas cosas por decir y por\u00a0 organizar, lo que supon\u00eda una enorme responsabilidad, que incluso me lleg\u00f3 a parecer grande aquel trabajo, por su gran generosidad al cederme tanta informaci\u00f3n. Realmente yo estaba aturdida y emocionada, al verle tan ilusionado con aquel proyecto, del que apenas se reserv\u00f3 nada para s\u00ed mismo.<br \/>\nAnte todo, tengo que mencionar que el principio de mi tesis doctoral se remonta a 1984. Me encontraba en el cuarto curso de mis estudios en la Facultad de Bellas Artes de Sevilla y fue en la asignatura de Historia de la pintura, dirigida por el profesor D. Manuel Ferrand, donde tuvo su origen.<br \/>\nAquel profesor nos propuso, como \u00faltimo trabajo, que conoci\u00e9ramos el panorama del arte espa\u00f1ol contempor\u00e1neo a trav\u00e9s de un estudio de un pintor de aquel momento.<br \/>\nAdem\u00e1s, por aquel entonces, D. Manuel padec\u00eda una nfermedad terminal, y aunque me impact\u00f3 su delgadez, fue su vitalidad, su entrega y entusiasmo en la forma de impartir su docencia, lo que me llev\u00f3 a cuestionarme mi responsabilidad como persona y alumna. B\u00e1sicamente,<br \/>\n\u00e9l lo estaba dando todo y yo ten\u00eda que corresponderle.<br \/>\nAlguien me dijo una vez que las cosas estaban ante la vista de todos, pero que no todos ten\u00edan la misma capacidad de ver todas las cosas. Es ese el motivo por el que me atrev\u00ed a dar el primer paso para solicitar el permiso al profesor Ferrand de investigar la trayectoria de D. Miguel.<br \/>\nHasta ese momento, nadie hab\u00eda tratado la biograf\u00eda art\u00edstica, docente y personal de este gran maestro, como trabajo de investigaci\u00f3n.<br \/>\nDe tal forma, que al ser conocedora de su andadura por sus aulas, del prestigio y su exigencia como profesor de Dibujo del Natural, me acerque a D. Miguel para proponerle que fuera \u00e9l mismo el protagonista de aquel trabajo de clase. Afortunadamente, D. Miguel acept\u00f3 aquella proposici\u00f3n. Y por medio de unas conversaciones largas como docente y otras con acento familiar y paternalista, me fue mostrando su vida.<br \/>\nFinalmente, aquel trabajo concluy\u00f3 con matr\u00edcula de honor y con un viaje maravilloso e inolvidable con Cristina P\u00e9rez Aguilera en el mes de Julio a Italia.<br \/>\nPara ser sincera, realmente no recuerdo bien si fue D. Manuel, o el mismo D. Miguel, quien me sugiri\u00f3 que profundizase un poco m\u00e1s en ese trabajo de clase y lo presentase como tesina o trabajo de investigaci\u00f3n de fi nal de carrera y que reservase cierta informaci\u00f3n para ampliarlo<br \/>\ny defenderlo posteriormente como tesis doctoral.<br \/>\nEfectivamente, as\u00ed ocurri\u00f3, y a fi nales del curso de 1985-86 present\u00e9 mi tesina con el t\u00edtulo \u201cApuntes sobre la vida y la obra de D. Miguel P\u00e9rez Aguilera\u201d.<br \/>\nAsimismo, entre todos los documentos que me entreg\u00f3 para la ampliaci\u00f3n, se encontraba su tesis y sus propios escritos basados en su docencia y metodolog\u00eda del dibujo, que dado su importancia y volumetr\u00eda lo reserv\u00e9 para exponerlos en mi tesis doctoral. Realmente tuve la sensaci\u00f3n de que hab\u00eda heredado un gran tesoro y estaba en deuda con el maestro.<br \/>\nM\u00e1s tarde, el 27 de Septiembre de 1993, defend\u00ed mi tesis doctoral, con un trabajo de investigaci\u00f3n, de cuatro vol\u00famenes, titulado \u201cUn<br \/>\nmaestro y un pintor en Sevilla, Miguel P\u00e9rez Aguilera y su obra\u201d con la obtenci\u00f3n del premio extraordinario de doctorado.<br \/>\nEn cierto modo, hice realidad aquel objetivo que me propuse con D. Manuel Ferrand, de conocer a un gran artista, pintor y maestro de generaciones como D. Miguel, que lleg\u00f3 a convertirse en el norte de otros grandes artistas, que hoy le rinden homenaje en agradecimiento a su labor.<br \/>\nPor lo que, gracias D. Manuel y gracias D. Miguel, por dejarnos vuestras huellas en herencia. En vuestras ense\u00f1anzas del camino del conocimiento del saber y, en cierta manera, de la vida. De nuevo, Gracias.<\/div>\n<div style=\"text-align: right;\">\nMar Rub\u00edn de Celis<\/div>\n","protected":false},"excerpt":{"rendered":"<p>57 Autora: Mar Rub\u00edn de Celis T\u00edtulo: Retrato de Jos\u00e9 M\u00aa Clemente Dimensiones: 60 x 40 T\u00e9cnica: dibujo sobre \u00a0papel continuo ALGO QUE RECORDAR SOBRE D. MIGUEL P\u00c9REZ AGUILERA Cu\u00e1ntas&hellip;<\/p>\n","protected":false},"author":1,"featured_media":0,"comment_status":"open","ping_status":"open","sticky":false,"template":"","format":"standard","meta":[],"categories":[234,225],"tags":[236,90,14,226,237,230,162],"jetpack_featured_media_url":"","_links":{"self":[{"href":"https:\/\/muvacandalucia.es\/index.php\/wp-json\/wp\/v2\/posts\/888"}],"collection":[{"href":"https:\/\/muvacandalucia.es\/index.php\/wp-json\/wp\/v2\/posts"}],"about":[{"href":"https:\/\/muvacandalucia.es\/index.php\/wp-json\/wp\/v2\/types\/post"}],"author":[{"embeddable":true,"href":"https:\/\/muvacandalucia.es\/index.php\/wp-json\/wp\/v2\/users\/1"}],"replies":[{"embeddable":true,"href":"https:\/\/muvacandalucia.es\/index.php\/wp-json\/wp\/v2\/comments?post=888"}],"version-history":[{"count":3,"href":"https:\/\/muvacandalucia.es\/index.php\/wp-json\/wp\/v2\/posts\/888\/revisions"}],"predecessor-version":[{"id":1056,"href":"https:\/\/muvacandalucia.es\/index.php\/wp-json\/wp\/v2\/posts\/888\/revisions\/1056"}],"wp:attachment":[{"href":"https:\/\/muvacandalucia.es\/index.php\/wp-json\/wp\/v2\/media?parent=888"}],"wp:term":[{"taxonomy":"category","embeddable":true,"href":"https:\/\/muvacandalucia.es\/index.php\/wp-json\/wp\/v2\/categories?post=888"},{"taxonomy":"post_tag","embeddable":true,"href":"https:\/\/muvacandalucia.es\/index.php\/wp-json\/wp\/v2\/tags?post=888"}],"curies":[{"name":"wp","href":"https:\/\/api.w.org\/{rel}","templated":true}]}}