{"id":884,"date":"2021-03-15T06:25:50","date_gmt":"2021-03-15T06:25:50","guid":{"rendered":"https:\/\/muvaclinares.es\/?p=884"},"modified":"2021-03-22T11:16:32","modified_gmt":"2021-03-22T11:16:32","slug":"55-juan-romero","status":"publish","type":"post","link":"https:\/\/muvacandalucia.es\/index.php\/2021\/03\/15\/55-juan-romero\/","title":{"rendered":"55  Juan Romero"},"content":{"rendered":"<div>55<\/div>\n<div>Autor : Juan Romero<\/div>\n<div>T\u00edtulo: El urogallo II<\/div>\n<div>Dimensiones: 40&#215;30 cm<\/div>\n<div>T\u00e9cnica: mixta sobre lienzo<\/div>\n<div><b>cesi\u00f3n \u00a0Galeria Birimbao<\/b><\/div>\n<div><\/div>\n<div>\n<figure id=\"attachment_1061\" aria-describedby=\"caption-attachment-1061\" style=\"width: 300px\" class=\"wp-caption alignnone\"><img decoding=\"async\" loading=\"lazy\" class=\"size-medium wp-image-1061\" src=\"https:\/\/muvacandalucia.es\/wp-content\/uploads\/2021\/03\/55-Juan-Romero-300x254.jpg\" alt=\"Juan Romero Cercan\u00edas Acr\u00edlico sobre lienzo Madrid, mayo de 2020.\" width=\"300\" height=\"254\" srcset=\"https:\/\/muvacandalucia.es\/wp-content\/uploads\/2021\/03\/55-Juan-Romero-300x254.jpg 300w, https:\/\/muvacandalucia.es\/wp-content\/uploads\/2021\/03\/55-Juan-Romero-768x650.jpg 768w, https:\/\/muvacandalucia.es\/wp-content\/uploads\/2021\/03\/55-Juan-Romero.jpg 815w\" sizes=\"(max-width: 300px) 100vw, 300px\" \/><figcaption id=\"caption-attachment-1061\" class=\"wp-caption-text\">Juan Romero<br \/>Cercan\u00edas<br \/>Acr\u00edlico sobre lienzo<br \/>Madrid, mayo de 2020.<\/figcaption><\/figure>\n<\/div>\n","protected":false},"excerpt":{"rendered":"<p>55 Autor : Juan Romero T\u00edtulo: El urogallo II Dimensiones: 40&#215;30 cm T\u00e9cnica: mixta sobre lienzo cesi\u00f3n \u00a0Galeria Birimbao<\/p>\n","protected":false},"author":1,"featured_media":0,"comment_status":"open","ping_status":"open","sticky":false,"template":"","format":"standard","meta":[],"categories":[234,225],"tags":[236,90,14,226,237,230,162],"jetpack_featured_media_url":"","_links":{"self":[{"href":"https:\/\/muvacandalucia.es\/index.php\/wp-json\/wp\/v2\/posts\/884"}],"collection":[{"href":"https:\/\/muvacandalucia.es\/index.php\/wp-json\/wp\/v2\/posts"}],"about":[{"href":"https:\/\/muvacandalucia.es\/index.php\/wp-json\/wp\/v2\/types\/post"}],"author":[{"embeddable":true,"href":"https:\/\/muvacandalucia.es\/index.php\/wp-json\/wp\/v2\/users\/1"}],"replies":[{"embeddable":true,"href":"https:\/\/muvacandalucia.es\/index.php\/wp-json\/wp\/v2\/comments?post=884"}],"version-history":[{"count":3,"href":"https:\/\/muvacandalucia.es\/index.php\/wp-json\/wp\/v2\/posts\/884\/revisions"}],"predecessor-version":[{"id":1062,"href":"https:\/\/muvacandalucia.es\/index.php\/wp-json\/wp\/v2\/posts\/884\/revisions\/1062"}],"wp:attachment":[{"href":"https:\/\/muvacandalucia.es\/index.php\/wp-json\/wp\/v2\/media?parent=884"}],"wp:term":[{"taxonomy":"category","embeddable":true,"href":"https:\/\/muvacandalucia.es\/index.php\/wp-json\/wp\/v2\/categories?post=884"},{"taxonomy":"post_tag","embeddable":true,"href":"https:\/\/muvacandalucia.es\/index.php\/wp-json\/wp\/v2\/tags?post=884"}],"curies":[{"name":"wp","href":"https:\/\/api.w.org\/{rel}","templated":true}]}}