{"id":878,"date":"2021-03-15T06:21:27","date_gmt":"2021-03-15T06:21:27","guid":{"rendered":"https:\/\/muvaclinares.es\/?p=878"},"modified":"2021-03-22T11:37:18","modified_gmt":"2021-03-22T11:37:18","slug":"52-roberto-reina","status":"publish","type":"post","link":"https:\/\/muvacandalucia.es\/index.php\/2021\/03\/15\/52-roberto-reina\/","title":{"rendered":"52 Roberto Reina"},"content":{"rendered":"<div>52<\/div>\n<div>Autor: Roberto Reina<\/div>\n<div>T\u00edtulo: <i>\u00b4Personajes evaluadores de tesis doctorales\u2019<\/i><\/div>\n<div>Dimensiones: 58 x 70 cm<\/div>\n<div>T\u00e9cnica: \u00f3leo sobre lienzo<\/div>\n<div><strong>In memoriam a Miguel P\u00e9rez Aguilera<\/strong><br \/>\nSu mente se elevaba por los muros de la vieja casa, casa con moho de viejos artistas decorada con humedades reales.<br \/>\nPero \u00e9l, con su seriedad que corr\u00eda por sus poros<br \/>\nsacaba todas aquellas figuras creados por el tiempo pasado.<br \/>\nUn profesor y amigo con ternura, que a veces escond\u00eda,<br \/>\ncon su seriedad fortifi cada sus adentros misteriosos.<br \/>\nSiempre profesor, atento, que nunca abandon\u00f3 a sus alumnos queridos.<br \/>\nQue en paz descanse.<\/div>\n<div style=\"text-align: right;\">\nRoberto Reina.<\/div>\n<div>Una an\u00e9cdota que describe muy bien la personalidad de Miguel P\u00e9rez Aguilera: En un viaje de estudio que hicimos a Granada, acompa\u00f1ados de Miguel P\u00e9rez Aguilera, sucedi\u00f3 lo que a continuaci\u00f3n relato: volv\u00edamos de Granada, yo tra\u00eda sobre las piernas una caja de piononos dulces granadinos; se cayeron al suelo y los pis\u00e9. En ese momento apenado yo, Miguel P\u00e9rez Aguilera me dijo con una sonrisa burlona: la tortilla de dulces tambi\u00e9n est\u00e1 muy buena. Pero inmediatamente nos para la Guardia Civil, y un compa\u00f1ero de viaje, cr\u00edticaa los guardias y Miguel sale defendiendo a los guardias: y dice \u00a1cumplan con su deber! Como todo profesional debe hacer.<br \/>\nDemuestra el humor y a la vez la rigurosidad del profesor cumplidor y con seriedad en el trabajo.<br \/>\nEspero se comprenda m\u00e1s la personalidad del insigne profesor.<\/div>\n<div style=\"text-align: right;\">\nRoberto Reina<\/div>\n<div>\n<figure id=\"attachment_1071\" aria-describedby=\"caption-attachment-1071\" style=\"width: 300px\" class=\"wp-caption alignnone\"><img decoding=\"async\" loading=\"lazy\" class=\"size-medium wp-image-1071\" src=\"https:\/\/muvacandalucia.es\/wp-content\/uploads\/2021\/03\/52-Roberto-Reina-300x235.jpg\" alt=\"Roberto Reina.  Personajes evaluadores de tesis doctorales\" width=\"300\" height=\"235\" srcset=\"https:\/\/muvacandalucia.es\/wp-content\/uploads\/2021\/03\/52-Roberto-Reina-300x235.jpg 300w, https:\/\/muvacandalucia.es\/wp-content\/uploads\/2021\/03\/52-Roberto-Reina.jpg 688w\" sizes=\"(max-width: 300px) 100vw, 300px\" \/><figcaption id=\"caption-attachment-1071\" class=\"wp-caption-text\">Roberto Reina. Personajes evaluadores de tesis doctorales<\/figcaption><\/figure>\n<\/div>\n","protected":false},"excerpt":{"rendered":"<p>52 Autor: Roberto Reina T\u00edtulo: \u00b4Personajes evaluadores de tesis doctorales\u2019 Dimensiones: 58 x 70 cm T\u00e9cnica: \u00f3leo sobre lienzo In memoriam a Miguel P\u00e9rez Aguilera Su mente se elevaba por&hellip;<\/p>\n","protected":false},"author":1,"featured_media":0,"comment_status":"open","ping_status":"open","sticky":false,"template":"","format":"standard","meta":[],"categories":[234,225],"tags":[236,90,14,226,237,230,162],"jetpack_featured_media_url":"","_links":{"self":[{"href":"https:\/\/muvacandalucia.es\/index.php\/wp-json\/wp\/v2\/posts\/878"}],"collection":[{"href":"https:\/\/muvacandalucia.es\/index.php\/wp-json\/wp\/v2\/posts"}],"about":[{"href":"https:\/\/muvacandalucia.es\/index.php\/wp-json\/wp\/v2\/types\/post"}],"author":[{"embeddable":true,"href":"https:\/\/muvacandalucia.es\/index.php\/wp-json\/wp\/v2\/users\/1"}],"replies":[{"embeddable":true,"href":"https:\/\/muvacandalucia.es\/index.php\/wp-json\/wp\/v2\/comments?post=878"}],"version-history":[{"count":3,"href":"https:\/\/muvacandalucia.es\/index.php\/wp-json\/wp\/v2\/posts\/878\/revisions"}],"predecessor-version":[{"id":1072,"href":"https:\/\/muvacandalucia.es\/index.php\/wp-json\/wp\/v2\/posts\/878\/revisions\/1072"}],"wp:attachment":[{"href":"https:\/\/muvacandalucia.es\/index.php\/wp-json\/wp\/v2\/media?parent=878"}],"wp:term":[{"taxonomy":"category","embeddable":true,"href":"https:\/\/muvacandalucia.es\/index.php\/wp-json\/wp\/v2\/categories?post=878"},{"taxonomy":"post_tag","embeddable":true,"href":"https:\/\/muvacandalucia.es\/index.php\/wp-json\/wp\/v2\/tags?post=878"}],"curies":[{"name":"wp","href":"https:\/\/api.w.org\/{rel}","templated":true}]}}