{"id":871,"date":"2021-03-15T06:16:43","date_gmt":"2021-03-15T06:16:43","guid":{"rendered":"https:\/\/muvaclinares.es\/?p=871"},"modified":"2021-03-23T11:36:26","modified_gmt":"2021-03-23T11:36:26","slug":"49-luisa-porras","status":"publish","type":"post","link":"https:\/\/muvacandalucia.es\/index.php\/2021\/03\/15\/49-luisa-porras\/","title":{"rendered":"49 Luisa Porras"},"content":{"rendered":"<div>49<\/div>\n<div>Autor: Luisa Porras<\/div>\n<div>T\u00edtulo: <i>Y se fue el tiempo<\/i><\/div>\n<div>Dimensiones: 46 x 117 cm<\/div>\n<div>T\u00e9cnica: Mixta<\/div>\n<div><\/div>\n<div>El curso 1980-81 fui alumna suya en la Facultad de Bellas Artes de Sevilla. Ese fue el A\u00f1o de Gracia que tuvimos el privilegio de tener en el aula a Don Miguel, a Jos\u00e9 Luis Mauri y a Carmen Laff\u00f3n, impartiendo Dibujo del Natural. Los planetas se hab\u00edan alineado y nuestro cielo de aprendices de dibujantes se llen\u00f3 de estrellas por mano del destino. \u201c<em>Se\u00f1orita, ret\u00edrese del caballete<\/em>\u201d y su mano poderosa hac\u00eda que por su influjo vi\u00e9ramos por primera vez, cada vez.<br \/>\nLos dibujos que hac\u00eda al margen del papel eran la f\u00f3rmula m\u00e1gica que hab\u00eda que descifrar para entender. \u201cHay que aprender a ver\u201d. Yo aprend\u00ed que s\u00f3lo lo que te apasiona<br \/>\npuede ser ense\u00f1ado con verdad. Don Miguel ense\u00f1aba su pasi\u00f3n, el dibujo, el color y a ver el mundo con ojos de creador.<br \/>\nSiempre fue Don Miguel, a\u00fan despu\u00e9s de varias cervezas con Salud o paseando a King lentamente, charlando de Vlaminck y del Matisse que a\u00fan debe seguir en la calle Feria.<\/div>\n<div>\nLuisa Porras<br \/>\nEscultora. Profesora de artes pl\u00e1sticas y dise\u00f1o.<br \/>\nY se fue el tiempo<\/div>\n<div>lino, algod\u00f3n jumel, fibras naturales y tintes org\u00e1nicos.<\/p>\n<figure id=\"attachment_1081\" aria-describedby=\"caption-attachment-1081\" style=\"width: 163px\" class=\"wp-caption alignnone\"><img decoding=\"async\" loading=\"lazy\" class=\"size-medium wp-image-1081\" src=\"https:\/\/muvacandalucia.es\/wp-content\/uploads\/2021\/03\/49-Luisa-Porras-163x300.jpg\" alt=\"Y se fue el tiempo lino, algod\u00f3n jumel, fi bras naturales y tintes org\u00e1nicos. 2019\" width=\"163\" height=\"300\" srcset=\"https:\/\/muvacandalucia.es\/wp-content\/uploads\/2021\/03\/49-Luisa-Porras-163x300.jpg 163w, https:\/\/muvacandalucia.es\/wp-content\/uploads\/2021\/03\/49-Luisa-Porras.jpg 517w\" sizes=\"(max-width: 163px) 100vw, 163px\" \/><figcaption id=\"caption-attachment-1081\" class=\"wp-caption-text\">Y se fue el tiempo<br \/>lino, algod\u00f3n jumel, fi bras naturales y tintes org\u00e1nicos.<br \/>2019<\/figcaption><\/figure>\n<p>2019<\/p>\n<\/div>\n","protected":false},"excerpt":{"rendered":"<p>49 Autor: Luisa Porras T\u00edtulo: Y se fue el tiempo Dimensiones: 46 x 117 cm T\u00e9cnica: Mixta El curso 1980-81 fui alumna suya en la Facultad de Bellas Artes de&hellip;<\/p>\n","protected":false},"author":1,"featured_media":0,"comment_status":"open","ping_status":"open","sticky":false,"template":"","format":"standard","meta":[],"categories":[234,225],"tags":[236,90,14,226,237,230,162],"jetpack_featured_media_url":"","_links":{"self":[{"href":"https:\/\/muvacandalucia.es\/index.php\/wp-json\/wp\/v2\/posts\/871"}],"collection":[{"href":"https:\/\/muvacandalucia.es\/index.php\/wp-json\/wp\/v2\/posts"}],"about":[{"href":"https:\/\/muvacandalucia.es\/index.php\/wp-json\/wp\/v2\/types\/post"}],"author":[{"embeddable":true,"href":"https:\/\/muvacandalucia.es\/index.php\/wp-json\/wp\/v2\/users\/1"}],"replies":[{"embeddable":true,"href":"https:\/\/muvacandalucia.es\/index.php\/wp-json\/wp\/v2\/comments?post=871"}],"version-history":[{"count":3,"href":"https:\/\/muvacandalucia.es\/index.php\/wp-json\/wp\/v2\/posts\/871\/revisions"}],"predecessor-version":[{"id":1082,"href":"https:\/\/muvacandalucia.es\/index.php\/wp-json\/wp\/v2\/posts\/871\/revisions\/1082"}],"wp:attachment":[{"href":"https:\/\/muvacandalucia.es\/index.php\/wp-json\/wp\/v2\/media?parent=871"}],"wp:term":[{"taxonomy":"category","embeddable":true,"href":"https:\/\/muvacandalucia.es\/index.php\/wp-json\/wp\/v2\/categories?post=871"},{"taxonomy":"post_tag","embeddable":true,"href":"https:\/\/muvacandalucia.es\/index.php\/wp-json\/wp\/v2\/tags?post=871"}],"curies":[{"name":"wp","href":"https:\/\/api.w.org\/{rel}","templated":true}]}}