{"id":869,"date":"2021-03-15T06:15:24","date_gmt":"2021-03-15T06:15:24","guid":{"rendered":"https:\/\/muvaclinares.es\/?p=869"},"modified":"2021-03-23T11:38:07","modified_gmt":"2021-03-23T11:38:07","slug":"48-mane-perez-tapias","status":"publish","type":"post","link":"https:\/\/muvacandalucia.es\/index.php\/2021\/03\/15\/48-mane-perez-tapias\/","title":{"rendered":"48 Man\u00e9 P\u00e9rez Tapias"},"content":{"rendered":"<div>48<\/div>\n<div><i>Autor:<\/i> <i>Man\u00e9 P\u00e9rez Tapias<\/i><\/div>\n<div><i>T\u00edtulo:<\/i> <i>Tres m\u00fasicos<\/i><\/div>\n<div><i>Dimensiones:<\/i> <i>70 x 100 cm.<\/i><\/div>\n<div><i>T\u00e9cnica:<\/i> <i>acr\u00edlico sobre papel<\/i><\/div>\n","protected":false},"excerpt":{"rendered":"<p>48 Autor: Man\u00e9 P\u00e9rez Tapias T\u00edtulo: Tres m\u00fasicos Dimensiones: 70 x 100 cm. T\u00e9cnica: acr\u00edlico sobre papel<\/p>\n","protected":false},"author":1,"featured_media":0,"comment_status":"open","ping_status":"open","sticky":false,"template":"","format":"standard","meta":[],"categories":[225],"tags":[235,242,14,226,230,162],"jetpack_featured_media_url":"","_links":{"self":[{"href":"https:\/\/muvacandalucia.es\/index.php\/wp-json\/wp\/v2\/posts\/869"}],"collection":[{"href":"https:\/\/muvacandalucia.es\/index.php\/wp-json\/wp\/v2\/posts"}],"about":[{"href":"https:\/\/muvacandalucia.es\/index.php\/wp-json\/wp\/v2\/types\/post"}],"author":[{"embeddable":true,"href":"https:\/\/muvacandalucia.es\/index.php\/wp-json\/wp\/v2\/users\/1"}],"replies":[{"embeddable":true,"href":"https:\/\/muvacandalucia.es\/index.php\/wp-json\/wp\/v2\/comments?post=869"}],"version-history":[{"count":1,"href":"https:\/\/muvacandalucia.es\/index.php\/wp-json\/wp\/v2\/posts\/869\/revisions"}],"predecessor-version":[{"id":870,"href":"https:\/\/muvacandalucia.es\/index.php\/wp-json\/wp\/v2\/posts\/869\/revisions\/870"}],"wp:attachment":[{"href":"https:\/\/muvacandalucia.es\/index.php\/wp-json\/wp\/v2\/media?parent=869"}],"wp:term":[{"taxonomy":"category","embeddable":true,"href":"https:\/\/muvacandalucia.es\/index.php\/wp-json\/wp\/v2\/categories?post=869"},{"taxonomy":"post_tag","embeddable":true,"href":"https:\/\/muvacandalucia.es\/index.php\/wp-json\/wp\/v2\/tags?post=869"}],"curies":[{"name":"wp","href":"https:\/\/api.w.org\/{rel}","templated":true}]}}