{"id":867,"date":"2021-03-15T06:13:56","date_gmt":"2021-03-15T06:13:56","guid":{"rendered":"https:\/\/muvaclinares.es\/?p=867"},"modified":"2021-03-23T11:42:47","modified_gmt":"2021-03-23T11:42:47","slug":"47-paco-perez-valencia","status":"publish","type":"post","link":"https:\/\/muvacandalucia.es\/index.php\/2021\/03\/15\/47-paco-perez-valencia\/","title":{"rendered":"47 Paco P\u00e9rez Valencia"},"content":{"rendered":"<div>47<\/div>\n<p>Autor: Paco P\u00e9rez Valencia<br \/>\nT\u00edtulo: El vientre de la ballena<br \/>\nDimensiones: 50 x 70 cm<br \/>\nT\u00e9cnica: mixta sobre papel gris&nbsp;<\/p>\n<div><\/div>\n<div>Soy, por encima de las muchas cosas que me ha regalado la vida, un amante del mundo. Dibujo desde siempre, es el modo que tengo de entregarme y de agradecerlo.<br \/>\nCuando pienso, dibujo.<br \/>\nCuando entrego mi talento, imparto clases, escribo sue\u00f1os, bailo en la oscuridad, dibujo.<br \/>\nFui amigo de D. Miguel, le tengo en mi coraz\u00f3n y le sigo admirando pleno, vivo.<br \/>\nD. Miguel es como Jon\u00e1s: un resistente en el vientre de la ballena.<br \/>\nAs\u00ed contin\u00fao yo<\/div>\n<div><\/div>\n<div style=\"text-align: right;\">Paco P\u00e9rez Valencia<\/div>\n<div><\/div>\n<div>\n<p><img decoding=\"async\" loading=\"lazy\" class=\"size-medium wp-image-1084\" src=\"https:\/\/muvacandalucia.es\/wp-content\/uploads\/2021\/03\/48-Paco-Perez-300x233.jpg\" alt=\"Autor: Paco P\u00e9rez Valencia T\u00edtulo: El vientre de la ballena Dimensiones: 50 x 70 cm T\u00e9cnica: mixta sobre papel gris\" width=\"300\" height=\"233\" srcset=\"https:\/\/muvacandalucia.es\/wp-content\/uploads\/2021\/03\/48-Paco-Perez-300x233.jpg 300w, https:\/\/muvacandalucia.es\/wp-content\/uploads\/2021\/03\/48-Paco-Perez-768x596.jpg 768w, https:\/\/muvacandalucia.es\/wp-content\/uploads\/2021\/03\/48-Paco-Perez.jpg 817w\" sizes=\"(max-width: 300px) 100vw, 300px\" \/><\/p>\n<\/div>\n<div><\/div>\n","protected":false},"excerpt":{"rendered":"<p>47 Autor: Paco P\u00e9rez Valencia T\u00edtulo: El vientre de la ballena Dimensiones: 50 x 70 cm T\u00e9cnica: mixta sobre papel gris&nbsp; Soy, por encima de las muchas cosas que me&hellip;<\/p>\n","protected":false},"author":1,"featured_media":0,"comment_status":"open","ping_status":"open","sticky":false,"template":"","format":"standard","meta":[],"categories":[234,225],"tags":[235,242,14,226,230,162],"jetpack_featured_media_url":"","_links":{"self":[{"href":"https:\/\/muvacandalucia.es\/index.php\/wp-json\/wp\/v2\/posts\/867"}],"collection":[{"href":"https:\/\/muvacandalucia.es\/index.php\/wp-json\/wp\/v2\/posts"}],"about":[{"href":"https:\/\/muvacandalucia.es\/index.php\/wp-json\/wp\/v2\/types\/post"}],"author":[{"embeddable":true,"href":"https:\/\/muvacandalucia.es\/index.php\/wp-json\/wp\/v2\/users\/1"}],"replies":[{"embeddable":true,"href":"https:\/\/muvacandalucia.es\/index.php\/wp-json\/wp\/v2\/comments?post=867"}],"version-history":[{"count":3,"href":"https:\/\/muvacandalucia.es\/index.php\/wp-json\/wp\/v2\/posts\/867\/revisions"}],"predecessor-version":[{"id":1085,"href":"https:\/\/muvacandalucia.es\/index.php\/wp-json\/wp\/v2\/posts\/867\/revisions\/1085"}],"wp:attachment":[{"href":"https:\/\/muvacandalucia.es\/index.php\/wp-json\/wp\/v2\/media?parent=867"}],"wp:term":[{"taxonomy":"category","embeddable":true,"href":"https:\/\/muvacandalucia.es\/index.php\/wp-json\/wp\/v2\/categories?post=867"},{"taxonomy":"post_tag","embeddable":true,"href":"https:\/\/muvacandalucia.es\/index.php\/wp-json\/wp\/v2\/tags?post=867"}],"curies":[{"name":"wp","href":"https:\/\/api.w.org\/{rel}","templated":true}]}}