{"id":863,"date":"2021-03-15T06:07:38","date_gmt":"2021-03-15T06:07:38","guid":{"rendered":"https:\/\/muvaclinares.es\/?p=863"},"modified":"2021-03-23T11:59:18","modified_gmt":"2021-03-23T11:59:18","slug":"45-lolo-pavon","status":"publish","type":"post","link":"https:\/\/muvacandalucia.es\/index.php\/2021\/03\/15\/45-lolo-pavon\/","title":{"rendered":"45 Lolo Pav\u00f3n"},"content":{"rendered":"<div>45<\/div>\n<div>Autor: Lolo Pav\u00f3n<\/div>\n<div>T\u00edtulo: <i>Primavera\/Verano<\/i> , 1989<\/div>\n<div>Dimensiones: 100 \u00a0x 70 cm<\/div>\n<div>T\u00e9cnica: mixta sobre cart\u00f3n<\/div>\n<div><\/div>\n<div>La relaci\u00f3n que tuvo Lolo Pav\u00f3n con Miguel P\u00e9rez Aguilera<br \/>\nfue como estudiante en la Facultad de Bellas Artes de Sevilla, donde ejerci\u00f3 como profesor en la c\u00e1tedra de Dibujo al Natural. Fue su alumno en segundo a\u00f1o de carrera hasta el mes de febrero, fecha en que le lleg\u00f3 su jubilaci\u00f3n. Adem\u00e1s de esta relaci\u00f3n, profesor- alumno, exist\u00eda otra de una cierta mistad, al ser una hija suya, Cristina, compa\u00f1era de clase y amiga.<br \/>\nAmistad que le facilit\u00f3 visitar su casa y estudio en diversas ocasiones, donde pudo conocer de primera mano, sus dibujos de ni\u00f1os, animales y aves, as\u00ed como sus espl\u00e9ndidos paisajes almerienses y marroqu\u00edes donde las particularidades de todos los movimientos pict\u00f3ricos (impresionismo, expresionismo, etc.) han sido absorbidas en inter\u00e9s de la verdad y la belleza. Obras \u00e9stas desconocidas para \u00e9l ya que solo conoc\u00eda sus obras m\u00e1s recientes<br \/>\nde naturaleza abstracta, pintura \u00e9sta m\u00e1s cient\u00edfica y muy trabajada, con un reencuentro no s\u00f3lo con el dibujo y la composici\u00f3n sino especialmente con el color, llevados hasta los m\u00e1s depurados l\u00edmites del tono y del matiz, demostrando sus grandes dotes de dibujante. Faceta esta \u00faltima que quiz\u00e1s, junto con el color, fueron las que m\u00e1s infl uyeron en sus alumnos, as\u00ed como su maestr\u00eda en el arte y la docencia y su compromiso vital con los mismos que para \u00e9l se trataba de un cierto modo de vivir.<br \/>\nP.D. El destino ha querido que estos dos grandes artistas Lolo Pav\u00f3n y Miguel P\u00e9rez Aguilera hayan expuesto sus obras conjuntamente, y una al lado de otra, en la exposici\u00f3n \u201cAusencias\u201d celebrada recientemente en la galer\u00eda sevillana Birimbao, en la que se homenajeaba a los artistas fallecidos y que eran asiduos en sus salas.<br \/>\nIgualmente coinciden ambos artistas en que han expuesto sus obras en Los Claustros del Convento de Santo Domingo de Jerez de la Frontera; uno en la exposici\u00f3n llamada \u201cEl Universo de Lolo Pav\u00f3n\u201d y celebrada en 2018 y otra la denominada \u201cMagistral Aguilera\u201d, ambas exposiciones comisariadas por Domingo Mart\u00ednez Gonz\u00e1lez, Profesor en la<br \/>\nEscuela de Arte de Jerez.<\/div>\n<div>\nDiego Vera Arroyo<br \/>\nPRIMAVERA VERANO.<br \/>\nMixta\/cart\u00f3n. 1.989<\/p>\n<\/div>\n<div><\/div>\n<div>\n<figure id=\"attachment_1090\" aria-describedby=\"caption-attachment-1090\" style=\"width: 300px\" class=\"wp-caption alignnone\"><img decoding=\"async\" loading=\"lazy\" class=\"size-medium wp-image-1090\" src=\"https:\/\/muvacandalucia.es\/wp-content\/uploads\/2021\/03\/46-Lolo-Pavon-300x209.jpg\" alt=\"Lolo Pav\u00f3n. PRIMAVERA VERANO. Mixta\/cart\u00f3n. 1.989\" width=\"300\" height=\"209\" srcset=\"https:\/\/muvacandalucia.es\/wp-content\/uploads\/2021\/03\/46-Lolo-Pavon-300x209.jpg 300w, https:\/\/muvacandalucia.es\/wp-content\/uploads\/2021\/03\/46-Lolo-Pavon.jpg 679w\" sizes=\"(max-width: 300px) 100vw, 300px\" \/><figcaption id=\"caption-attachment-1090\" class=\"wp-caption-text\">Lolo Pav\u00f3n<br \/>PRIMAVERA VERANO.<br \/>Mixta\/cart\u00f3n. 1.989<\/figcaption><\/figure>\n<\/div>\n","protected":false},"excerpt":{"rendered":"<p>45 Autor: Lolo Pav\u00f3n T\u00edtulo: Primavera\/Verano , 1989 Dimensiones: 100 \u00a0x 70 cm T\u00e9cnica: mixta sobre cart\u00f3n La relaci\u00f3n que tuvo Lolo Pav\u00f3n con Miguel P\u00e9rez Aguilera fue como estudiante&hellip;<\/p>\n","protected":false},"author":1,"featured_media":0,"comment_status":"open","ping_status":"open","sticky":false,"template":"","format":"standard","meta":[],"categories":[234,225],"tags":[235,242,14,226,230,162],"jetpack_featured_media_url":"","_links":{"self":[{"href":"https:\/\/muvacandalucia.es\/index.php\/wp-json\/wp\/v2\/posts\/863"}],"collection":[{"href":"https:\/\/muvacandalucia.es\/index.php\/wp-json\/wp\/v2\/posts"}],"about":[{"href":"https:\/\/muvacandalucia.es\/index.php\/wp-json\/wp\/v2\/types\/post"}],"author":[{"embeddable":true,"href":"https:\/\/muvacandalucia.es\/index.php\/wp-json\/wp\/v2\/users\/1"}],"replies":[{"embeddable":true,"href":"https:\/\/muvacandalucia.es\/index.php\/wp-json\/wp\/v2\/comments?post=863"}],"version-history":[{"count":3,"href":"https:\/\/muvacandalucia.es\/index.php\/wp-json\/wp\/v2\/posts\/863\/revisions"}],"predecessor-version":[{"id":1091,"href":"https:\/\/muvacandalucia.es\/index.php\/wp-json\/wp\/v2\/posts\/863\/revisions\/1091"}],"wp:attachment":[{"href":"https:\/\/muvacandalucia.es\/index.php\/wp-json\/wp\/v2\/media?parent=863"}],"wp:term":[{"taxonomy":"category","embeddable":true,"href":"https:\/\/muvacandalucia.es\/index.php\/wp-json\/wp\/v2\/categories?post=863"},{"taxonomy":"post_tag","embeddable":true,"href":"https:\/\/muvacandalucia.es\/index.php\/wp-json\/wp\/v2\/tags?post=863"}],"curies":[{"name":"wp","href":"https:\/\/api.w.org\/{rel}","templated":true}]}}