{"id":859,"date":"2021-03-15T06:01:15","date_gmt":"2021-03-15T06:01:15","guid":{"rendered":"https:\/\/muvaclinares.es\/?p=859"},"modified":"2021-03-25T04:47:03","modified_gmt":"2021-03-25T04:47:03","slug":"43-miguel-parra","status":"publish","type":"post","link":"https:\/\/muvacandalucia.es\/index.php\/2021\/03\/15\/43-miguel-parra\/","title":{"rendered":"43 Miguel Parra"},"content":{"rendered":"<div>43<\/div>\n<div>Autor: Miguel Parra<\/div>\n<div>T\u00edtulo: <i>Realmente aconteci\u00f3<\/i><\/div>\n<div>Dimensiones: \u00a065 \u00a0x 50 cm<\/div>\n<div>T\u00e9cnica: t\u00e9mpera sobre papel.<\/div>\n<div><\/div>\n<div>\n<figure id=\"attachment_1120\" aria-describedby=\"caption-attachment-1120\" style=\"width: 228px\" class=\"wp-caption alignnone\"><img decoding=\"async\" loading=\"lazy\" class=\"size-medium wp-image-1120\" src=\"https:\/\/muvacandalucia.es\/wp-content\/uploads\/2021\/03\/43-Miguel-Parra-228x300.jpg\" alt=\"Autor: Miguel Parra T\u00edtulo: Realmente aconteci\u00f3 Dimensiones: \u00a065 \u00a0x 50 cm T\u00e9cnica: t\u00e9mpera sobre papel.\" width=\"228\" height=\"300\" srcset=\"https:\/\/muvacandalucia.es\/wp-content\/uploads\/2021\/03\/43-Miguel-Parra-228x300.jpg 228w, https:\/\/muvacandalucia.es\/wp-content\/uploads\/2021\/03\/43-Miguel-Parra.jpg 539w\" sizes=\"(max-width: 228px) 100vw, 228px\" \/><figcaption id=\"caption-attachment-1120\" class=\"wp-caption-text\">Autor: Miguel Parra<br \/>T\u00edtulo: Realmente aconteci\u00f3<br \/>Dimensiones: \u00a065 \u00a0x 50 cm<br \/>T\u00e9cnica: t\u00e9mpera sobre papel.<\/figcaption><\/figure>\n<\/div>\n<div><\/div>\n<div>\u201cUsted puede dibujar\u201d, Don Miguel nos dirig\u00eda esta frase, mientras nos miraba fijamente a los ojos intentando averiguar de qu\u00e9 madera est\u00e1bamos hechos y si tendr\u00edamos la voluntad necesaria para recorrer el camino que \u00e9l nos abr\u00eda. Merecer estas palabras era alcanzar el estatus de iniciado y comenzar una b\u00fasqueda como la suya. Yo a\u00fan sigo intent\u00e1ndolo todos los d\u00edas.<br \/>\nProfesor y amigo desde las clases de Dibujo del Natural de la Facultad de Bellas Artes de Sevilla, a\u00f1o 1980<\/div>\n<div>\nMiguel Parra<\/div>\n","protected":false},"excerpt":{"rendered":"<p>43 Autor: Miguel Parra T\u00edtulo: Realmente aconteci\u00f3 Dimensiones: \u00a065 \u00a0x 50 cm T\u00e9cnica: t\u00e9mpera sobre papel. \u201cUsted puede dibujar\u201d, Don Miguel nos dirig\u00eda esta frase, mientras nos miraba fijamente a&hellip;<\/p>\n","protected":false},"author":1,"featured_media":0,"comment_status":"open","ping_status":"open","sticky":false,"template":"","format":"standard","meta":[],"categories":[234,225],"tags":[235,242,14,226,230,162],"jetpack_featured_media_url":"","_links":{"self":[{"href":"https:\/\/muvacandalucia.es\/index.php\/wp-json\/wp\/v2\/posts\/859"}],"collection":[{"href":"https:\/\/muvacandalucia.es\/index.php\/wp-json\/wp\/v2\/posts"}],"about":[{"href":"https:\/\/muvacandalucia.es\/index.php\/wp-json\/wp\/v2\/types\/post"}],"author":[{"embeddable":true,"href":"https:\/\/muvacandalucia.es\/index.php\/wp-json\/wp\/v2\/users\/1"}],"replies":[{"embeddable":true,"href":"https:\/\/muvacandalucia.es\/index.php\/wp-json\/wp\/v2\/comments?post=859"}],"version-history":[{"count":3,"href":"https:\/\/muvacandalucia.es\/index.php\/wp-json\/wp\/v2\/posts\/859\/revisions"}],"predecessor-version":[{"id":1121,"href":"https:\/\/muvacandalucia.es\/index.php\/wp-json\/wp\/v2\/posts\/859\/revisions\/1121"}],"wp:attachment":[{"href":"https:\/\/muvacandalucia.es\/index.php\/wp-json\/wp\/v2\/media?parent=859"}],"wp:term":[{"taxonomy":"category","embeddable":true,"href":"https:\/\/muvacandalucia.es\/index.php\/wp-json\/wp\/v2\/categories?post=859"},{"taxonomy":"post_tag","embeddable":true,"href":"https:\/\/muvacandalucia.es\/index.php\/wp-json\/wp\/v2\/tags?post=859"}],"curies":[{"name":"wp","href":"https:\/\/api.w.org\/{rel}","templated":true}]}}