{"id":855,"date":"2021-03-15T05:40:09","date_gmt":"2021-03-15T05:40:09","guid":{"rendered":"https:\/\/muvaclinares.es\/?p=855"},"modified":"2021-03-23T15:52:50","modified_gmt":"2021-03-23T15:52:50","slug":"41-carmen-muruve","status":"publish","type":"post","link":"https:\/\/muvacandalucia.es\/index.php\/2021\/03\/15\/41-carmen-muruve\/","title":{"rendered":"41 Carmen Muruve"},"content":{"rendered":"<div>41<\/div>\n<div>Autora: Carmen Muruve<\/div>\n<div>T\u00edtulo: <i>S\/T<\/i><\/div>\n<div>Dimensiones: \u00a050 x 70 cm<\/div>\n<div>T\u00e9cnica: Dibujo a l\u00e1piz \u00a0sobre papel<\/div>\n<div><\/div>\n<div>Durante mi formaci\u00f3n acad\u00e9mica tuve la inmensa suerte de contar con un maestro revolucionario.<br \/>\nAdem\u00e1s de maestro, era artista, y ten\u00eda la rara habilidad de ser las dos cosas a un tiempo.<br \/>\nCon sus aciertos y errores hab\u00eda ido depurando un m\u00e9todo de dibujo pr\u00e1ctico, l\u00f3gico y sintetizado hasta dar con las herramientas perfectas, fruto de su experiencia y su buen hacer. Y lo m\u00e1s hermoso de todo es que generosamente puso esas herramientas en nuestras manos, y mi mente y mi coraz\u00f3n se abrieron a un nuevo mirar y sentir que me ha acompa\u00f1ado desde entonces.<br \/>\nHoy d\u00eda, aplico su m\u00e9todo en mis clases, percibiendo en mis alumnos el mismo asombro y la misma emoci\u00f3n que sent\u00ed yo en su momento.<br \/>\nGracias Miguel P\u00e9rez Aguilera; gracias querido maestro por ense\u00f1arme a tocar la felicidad.<\/div>\n<div style=\"text-align: right;\">\n<figure id=\"attachment_1096\" aria-describedby=\"caption-attachment-1096\" style=\"width: 300px\" class=\"wp-caption alignnone\"><img decoding=\"async\" loading=\"lazy\" class=\"size-medium wp-image-1096\" src=\"https:\/\/muvacandalucia.es\/wp-content\/uploads\/2021\/03\/44-Carmen-Muruve-300x242.jpg\" alt=\"Carmen Muruve P\u00e9rez. Profesora de dibujo en la Escuela de Artes Pl\u00e1sticas y Superior de Dise\u00f1o \u201cFernando Est\u00e9vez\u201d de Santa Cruz de Tenerife.\" width=\"300\" height=\"242\" srcset=\"https:\/\/muvacandalucia.es\/wp-content\/uploads\/2021\/03\/44-Carmen-Muruve-300x242.jpg 300w, https:\/\/muvacandalucia.es\/wp-content\/uploads\/2021\/03\/44-Carmen-Muruve-768x618.jpg 768w, https:\/\/muvacandalucia.es\/wp-content\/uploads\/2021\/03\/44-Carmen-Muruve.jpg 780w\" sizes=\"(max-width: 300px) 100vw, 300px\" \/><figcaption id=\"caption-attachment-1096\" class=\"wp-caption-text\">Carmen Muruve P\u00e9rez.<br \/>Profesora de dibujo en la Escuela de Artes Pl\u00e1sticas y<br \/>Superior de Dise\u00f1o \u201cFernando Est\u00e9vez\u201d de Santa Cruz de Tenerife.<\/figcaption><\/figure>\n<\/div>\n<div><\/div>\n","protected":false},"excerpt":{"rendered":"<p>41 Autora: Carmen Muruve T\u00edtulo: S\/T Dimensiones: \u00a050 x 70 cm T\u00e9cnica: Dibujo a l\u00e1piz \u00a0sobre papel Durante mi formaci\u00f3n acad\u00e9mica tuve la inmensa suerte de contar con un maestro&hellip;<\/p>\n","protected":false},"author":1,"featured_media":0,"comment_status":"open","ping_status":"open","sticky":false,"template":"","format":"standard","meta":[],"categories":[234,225],"tags":[235,242,14,226,230,162],"jetpack_featured_media_url":"","_links":{"self":[{"href":"https:\/\/muvacandalucia.es\/index.php\/wp-json\/wp\/v2\/posts\/855"}],"collection":[{"href":"https:\/\/muvacandalucia.es\/index.php\/wp-json\/wp\/v2\/posts"}],"about":[{"href":"https:\/\/muvacandalucia.es\/index.php\/wp-json\/wp\/v2\/types\/post"}],"author":[{"embeddable":true,"href":"https:\/\/muvacandalucia.es\/index.php\/wp-json\/wp\/v2\/users\/1"}],"replies":[{"embeddable":true,"href":"https:\/\/muvacandalucia.es\/index.php\/wp-json\/wp\/v2\/comments?post=855"}],"version-history":[{"count":3,"href":"https:\/\/muvacandalucia.es\/index.php\/wp-json\/wp\/v2\/posts\/855\/revisions"}],"predecessor-version":[{"id":1097,"href":"https:\/\/muvacandalucia.es\/index.php\/wp-json\/wp\/v2\/posts\/855\/revisions\/1097"}],"wp:attachment":[{"href":"https:\/\/muvacandalucia.es\/index.php\/wp-json\/wp\/v2\/media?parent=855"}],"wp:term":[{"taxonomy":"category","embeddable":true,"href":"https:\/\/muvacandalucia.es\/index.php\/wp-json\/wp\/v2\/categories?post=855"},{"taxonomy":"post_tag","embeddable":true,"href":"https:\/\/muvacandalucia.es\/index.php\/wp-json\/wp\/v2\/tags?post=855"}],"curies":[{"name":"wp","href":"https:\/\/api.w.org\/{rel}","templated":true}]}}