{"id":853,"date":"2021-03-15T05:38:22","date_gmt":"2021-03-15T05:38:22","guid":{"rendered":"https:\/\/muvaclinares.es\/?p=853"},"modified":"2021-03-25T04:24:44","modified_gmt":"2021-03-25T04:24:44","slug":"40-antonio-a-mota","status":"publish","type":"post","link":"https:\/\/muvacandalucia.es\/index.php\/2021\/03\/15\/40-antonio-a-mota\/","title":{"rendered":"40 Antonio A. Mota"},"content":{"rendered":"<div>40<\/div>\n<div>Autor: Antonio A. Mota<\/div>\n<div>T\u00edtulo: <i>Racimo \u00a0de las incongruencias<\/i><\/div>\n<div>Dimensiones: \u00a050 x 70<\/div>\n<div>T\u00e9cnica: Mixta<\/div>\n<div>\n<figure id=\"attachment_1110\" aria-describedby=\"caption-attachment-1110\" style=\"width: 209px\" class=\"wp-caption alignnone\"><img decoding=\"async\" loading=\"lazy\" class=\"size-medium wp-image-1110\" src=\"https:\/\/muvacandalucia.es\/wp-content\/uploads\/2021\/03\/40-Antonio-mota-209x300.jpg\" alt=\"Autor: Antonio A. Mota T\u00edtulo: Racimo \u00a0de las incongruencias Dimensiones: \u00a050 x 70 T\u00e9cnica: Mixta\" width=\"209\" height=\"300\" srcset=\"https:\/\/muvacandalucia.es\/wp-content\/uploads\/2021\/03\/40-Antonio-mota-209x300.jpg 209w, https:\/\/muvacandalucia.es\/wp-content\/uploads\/2021\/03\/40-Antonio-mota.jpg 712w\" sizes=\"(max-width: 209px) 100vw, 209px\" \/><figcaption id=\"caption-attachment-1110\" class=\"wp-caption-text\">Autor: Antonio A. Mota<br \/>T\u00edtulo: Racimo \u00a0de las incongruencias<br \/>Dimensiones: \u00a050 x 70<br \/>T\u00e9cnica: Mixta<\/figcaption><\/figure>\n<\/div>\n<div><\/div>\n<div>\u2026Despu\u00e9s del caf\u00e9 en casa de los Aguilera, subimos a aquel piso\/estudio que ten\u00eda en el mismo bloque donde viv\u00eda. Un aut\u00e9ntico mar de cuadros se agolpaban en las habitaciones. Corr\u00eda 1989, fuimos a por obras para la inauguraci\u00f3n de la galer\u00eda de arte ERA de San Fernando. Don Miguel nos ofreci\u00f3 elegir entre aquellos cientos de cuadros que mov\u00edamos para<br \/>\nojearlos, como si fueran hojas de un libro.<br \/>\nDel libro de una vida.<br \/>\nFue una tarde entra\u00f1able, no ces\u00f3 de hablarnos y contarnos mientras escuch\u00e1bamos con la admiraci\u00f3n que siempre le procesamos. No solo nos llevamos aquel \u00f3leo, \u201cRacimo de Incongruencias\u201d, tambi\u00e9n nos quedamos con la parte afable del artista, lejos del profesor recto y serio que conoc\u00ed en aquellos lejanos cursos de doctorado, donde nos rif\u00e1bamos sus ense\u00f1anzas. Ya en la puerta un viejo perrito cocker de color canela tos\u00eda continuamente junto a sus pies, \u00e9l bromeaba sonriendo, diciendo que los dos estaban igual de mayores.<br \/>\nMe quedo con lo mucho aprendido, los trazos, el olor del papel gris, el tacto del carboncillo , con sus palabras, su ense\u00f1anza, con todo lo que a\u00fan recuerdo y perdura. Sin duda un referente.<\/div>\n<div style=\"text-align: right;\">\nAntonio Mota.<br \/>\nProfesor de Volumen EA<\/div>\n","protected":false},"excerpt":{"rendered":"<p>40 Autor: Antonio A. Mota T\u00edtulo: Racimo \u00a0de las incongruencias Dimensiones: \u00a050 x 70 T\u00e9cnica: Mixta \u2026Despu\u00e9s del caf\u00e9 en casa de los Aguilera, subimos a aquel piso\/estudio que ten\u00eda&hellip;<\/p>\n","protected":false},"author":1,"featured_media":0,"comment_status":"open","ping_status":"open","sticky":false,"template":"","format":"standard","meta":[],"categories":[234,225],"tags":[242,14,226,237,230,162],"jetpack_featured_media_url":"","_links":{"self":[{"href":"https:\/\/muvacandalucia.es\/index.php\/wp-json\/wp\/v2\/posts\/853"}],"collection":[{"href":"https:\/\/muvacandalucia.es\/index.php\/wp-json\/wp\/v2\/posts"}],"about":[{"href":"https:\/\/muvacandalucia.es\/index.php\/wp-json\/wp\/v2\/types\/post"}],"author":[{"embeddable":true,"href":"https:\/\/muvacandalucia.es\/index.php\/wp-json\/wp\/v2\/users\/1"}],"replies":[{"embeddable":true,"href":"https:\/\/muvacandalucia.es\/index.php\/wp-json\/wp\/v2\/comments?post=853"}],"version-history":[{"count":3,"href":"https:\/\/muvacandalucia.es\/index.php\/wp-json\/wp\/v2\/posts\/853\/revisions"}],"predecessor-version":[{"id":1111,"href":"https:\/\/muvacandalucia.es\/index.php\/wp-json\/wp\/v2\/posts\/853\/revisions\/1111"}],"wp:attachment":[{"href":"https:\/\/muvacandalucia.es\/index.php\/wp-json\/wp\/v2\/media?parent=853"}],"wp:term":[{"taxonomy":"category","embeddable":true,"href":"https:\/\/muvacandalucia.es\/index.php\/wp-json\/wp\/v2\/categories?post=853"},{"taxonomy":"post_tag","embeddable":true,"href":"https:\/\/muvacandalucia.es\/index.php\/wp-json\/wp\/v2\/tags?post=853"}],"curies":[{"name":"wp","href":"https:\/\/api.w.org\/{rel}","templated":true}]}}