{"id":851,"date":"2021-03-15T05:37:05","date_gmt":"2021-03-15T05:37:05","guid":{"rendered":"https:\/\/muvaclinares.es\/?p=851"},"modified":"2021-03-25T04:38:46","modified_gmt":"2021-03-25T04:38:46","slug":"39-jose-luis-mauri","status":"publish","type":"post","link":"https:\/\/muvacandalucia.es\/index.php\/2021\/03\/15\/39-jose-luis-mauri\/","title":{"rendered":"39 Jos\u00e9 Luis Mauri"},"content":{"rendered":"<div>39<\/div>\n<figure id=\"attachment_1113\" aria-describedby=\"caption-attachment-1113\" style=\"width: 300px\" class=\"wp-caption alignnone\"><img decoding=\"async\" loading=\"lazy\" class=\"size-medium wp-image-1113\" src=\"https:\/\/muvacandalucia.es\/wp-content\/uploads\/2021\/03\/39-Jose-Luis-Mauri-300x249.jpg\" alt=\"Autor: Jos\u00e9 Luis Mauri T\u00edtulo: Alc\u00e1zar de Sevilla Dimensiones: 73 x60 T\u00e9cnica: \u00d3leo sobre lienzo\" width=\"300\" height=\"249\" srcset=\"https:\/\/muvacandalucia.es\/wp-content\/uploads\/2021\/03\/39-Jose-Luis-Mauri-300x249.jpg 300w, https:\/\/muvacandalucia.es\/wp-content\/uploads\/2021\/03\/39-Jose-Luis-Mauri-768x637.jpg 768w, https:\/\/muvacandalucia.es\/wp-content\/uploads\/2021\/03\/39-Jose-Luis-Mauri.jpg 853w\" sizes=\"(max-width: 300px) 100vw, 300px\" \/><figcaption id=\"caption-attachment-1113\" class=\"wp-caption-text\">Autor: Jos\u00e9 Luis Mauri<br \/>T\u00edtulo: Alc\u00e1zar de Sevilla<br \/>Dimensiones: 73 x60<br \/>T\u00e9cnica: \u00d3leo sobre lienzo<\/figcaption><\/figure>\n<p>&nbsp;<\/p>\n<div><\/div>\n<div>(Citas del cat\u00e1logo de la exposici\u00f3n antol\u00f3gica montada en su homenaje en los Reales Alc\u00e1zares de Sevilla en mayo de 1982).<br \/>\n&#8220;<em>Pregunta: Profesor suyo y de Laff\u00f3n fue P\u00e9rez Aguilera. Respuesta: Profesor y casi un segundo padre. Todo lo aprend\u00ed de \u00e9l. Pas\u00e9 casi toda mi vida a su lado y siempre me admir\u00f3 su rigor y responsabilidad. Cuando mis alumnos, que son muy amables,<\/em><br \/>\n<em>me escriben para agradecerme lo que aprendieron conmigo les digo que me hubiera gustado que tuvieran al que fue mi profesor. Habr\u00edan aprendido much\u00edsimo m\u00e1s. P\u00e9rez Aguilera fue uno de los grandes artistas andaluces del siglo XX. Al fallecer, algo de m\u00ed se fue con \u00e9l<\/em>.&#8221;<br \/>\nJos\u00e9 Luis Mauri<br \/>\nEntrevista de Pedro Ingelmo en DIARIO DE SEVILLA, 18 Diciembre, 2009.<br \/>\nHttps:\/\/www.diariodesevilla.es\/entrevistas\/entiendo-mundo-rodea-pintura_0_324567549.html<br \/>\n<em>\u201cMe acabo de tomar un caf\u00e9 con Ricardo Cadenas. Le he dicho que ven\u00eda a entrevistarle y le ha recordado como un gran maestro. Esa c\u00e1tedra en la Facultad de Bellas Artes de P\u00e9rez Aguilera, asistida por Carmen Laff\u00f3n y por usted, ha dejado una honda memoria en muchos pintores\u201d.<\/em><br \/>\nEntrevista de Luis S\u00e1nchez-Molin\u00ed a Jos\u00e9 Luis Mauri en DIARIO DE SEVILLA, 21 de Octubre<br \/>\nde 2018.<br \/>\nHttps:\/\/www.diariodesevilla.es\/rastrodelafama\/Pintura-Conil-Sevilla-Impresionismo-<br \/>\nNaif_0_1292871174.html<\/div>\n","protected":false},"excerpt":{"rendered":"<p>39 &nbsp; (Citas del cat\u00e1logo de la exposici\u00f3n antol\u00f3gica montada en su homenaje en los Reales Alc\u00e1zares de Sevilla en mayo de 1982). &#8220;Pregunta: Profesor suyo y de Laff\u00f3n fue&hellip;<\/p>\n","protected":false},"author":1,"featured_media":0,"comment_status":"open","ping_status":"open","sticky":false,"template":"","format":"standard","meta":[],"categories":[234,225],"tags":[242,14,226,237,230,162],"jetpack_featured_media_url":"","_links":{"self":[{"href":"https:\/\/muvacandalucia.es\/index.php\/wp-json\/wp\/v2\/posts\/851"}],"collection":[{"href":"https:\/\/muvacandalucia.es\/index.php\/wp-json\/wp\/v2\/posts"}],"about":[{"href":"https:\/\/muvacandalucia.es\/index.php\/wp-json\/wp\/v2\/types\/post"}],"author":[{"embeddable":true,"href":"https:\/\/muvacandalucia.es\/index.php\/wp-json\/wp\/v2\/users\/1"}],"replies":[{"embeddable":true,"href":"https:\/\/muvacandalucia.es\/index.php\/wp-json\/wp\/v2\/comments?post=851"}],"version-history":[{"count":3,"href":"https:\/\/muvacandalucia.es\/index.php\/wp-json\/wp\/v2\/posts\/851\/revisions"}],"predecessor-version":[{"id":1114,"href":"https:\/\/muvacandalucia.es\/index.php\/wp-json\/wp\/v2\/posts\/851\/revisions\/1114"}],"wp:attachment":[{"href":"https:\/\/muvacandalucia.es\/index.php\/wp-json\/wp\/v2\/media?parent=851"}],"wp:term":[{"taxonomy":"category","embeddable":true,"href":"https:\/\/muvacandalucia.es\/index.php\/wp-json\/wp\/v2\/categories?post=851"},{"taxonomy":"post_tag","embeddable":true,"href":"https:\/\/muvacandalucia.es\/index.php\/wp-json\/wp\/v2\/tags?post=851"}],"curies":[{"name":"wp","href":"https:\/\/api.w.org\/{rel}","templated":true}]}}