{"id":847,"date":"2021-03-15T05:35:07","date_gmt":"2021-03-15T05:35:07","guid":{"rendered":"https:\/\/muvaclinares.es\/?p=847"},"modified":"2021-03-25T05:13:25","modified_gmt":"2021-03-25T05:13:25","slug":"8-gonzalo-martinez","status":"publish","type":"post","link":"https:\/\/muvacandalucia.es\/index.php\/2021\/03\/15\/8-gonzalo-martinez\/","title":{"rendered":"38 Gonzalo Mart\u00ednez"},"content":{"rendered":"<div><\/div>\n<div>38<\/div>\n<div>Autor: Gonzalo Mart\u00ednez<\/div>\n<div>T\u00edtulo: <i>San Giorgio \u00a0Maggiore (Venecia 1972)<\/i><\/div>\n<div>Dimensiones: 41 \u00a0x 58\u00b45 cm<\/div>\n<div>T\u00e9cnica: pastel sobre cartulina<\/div>\n<div><\/div>\n<div>\n<figure id=\"attachment_1122\" aria-describedby=\"caption-attachment-1122\" style=\"width: 300px\" class=\"wp-caption alignnone\"><img decoding=\"async\" loading=\"lazy\" class=\"size-medium wp-image-1122\" src=\"https:\/\/muvacandalucia.es\/wp-content\/uploads\/2021\/03\/38-Gonzalo-Martinez-300x206.jpg\" alt=\"Autor: Gonzalo Mart\u00ednez T\u00edtulo: San Giorgio \u00a0Maggiore (Venecia 1972) Dimensiones: 41 \u00a0x 58\u00b45 cm T\u00e9cnica: pastel sobre cartulina\" width=\"300\" height=\"206\" srcset=\"https:\/\/muvacandalucia.es\/wp-content\/uploads\/2021\/03\/38-Gonzalo-Martinez-300x206.jpg 300w, https:\/\/muvacandalucia.es\/wp-content\/uploads\/2021\/03\/38-Gonzalo-Martinez-1024x702.jpg 1024w, https:\/\/muvacandalucia.es\/wp-content\/uploads\/2021\/03\/38-Gonzalo-Martinez-768x526.jpg 768w, https:\/\/muvacandalucia.es\/wp-content\/uploads\/2021\/03\/38-Gonzalo-Martinez.jpg 1036w\" sizes=\"(max-width: 300px) 100vw, 300px\" \/><figcaption id=\"caption-attachment-1122\" class=\"wp-caption-text\">Autor: Gonzalo Mart\u00ednez<br \/>T\u00edtulo: San Giorgio \u00a0Maggiore (Venecia 1972)<br \/>Dimensiones: 41 \u00a0x 58\u00b45 cm<br \/>T\u00e9cnica: pastel sobre cartulina<\/figcaption><\/figure>\n<\/div>\n<div><\/div>\n<div>MIGUEL P\u00c9REZ AGUILERA, DOCENCIA Y CREACI\u00d3N<br \/>\nAl recibir de Domingo Mart\u00ednez la invitaci\u00f3n para participar en la exposici\u00f3n colectiva homenaje a Miguel P\u00e9rez Aguilera, vinieron a mi memoria muchos recuerdos, unos como alumno suyo en la Escuela Superior de Bellas Artes de Sevilla, cuando estaba ubicada en la c\/. Gonzalo Bilbao, otros como compa\u00f1ero de docencia en aquellos a\u00f1os, en la ya Facultad de la Universidad de Sevilla en su actual sede de c\/. Lara\u00f1a. Todos aquellos momentos me han animado a participar en esta muestra, que estoy convencido ser\u00e1 una gran evocaci\u00f3n de muchas vivencias junto a tan recordado y admirable maestro.<br \/>\nConoc\u00ed a Miguel P\u00e9rez Aguilera en la clase que impart\u00eda de Dibujo del Natural, era un profesor que manten\u00eda una disciplina muy destacada en la clase. Motivaba mucho al alumnado, despert\u00e1ndole inter\u00e9s por conocer el dibujo. Cuando me matricul\u00e9 en la Escuela de Bellas Artes, hab\u00eda dibujado muchas reproducciones de obras cl\u00e1sicas en la Escuela de Artes Aplicadas y Ofi cios Art\u00edsticos de Jerez. No obstante, el estudio del modelo de natural y el modo de observar e interpretar los conceptos del dibujo eran nuevos. Todo ello me ofreci\u00f3 la posibilidad de enriquecerme con el magisterio de Miguel P\u00e9rez Aguilera,<br \/>\nen el conocimiento de las formas y en la capacidad de expresarlas de una manera m\u00e1s libre.<br \/>\nOtra faceta que conoc\u00ed de P\u00e9rez Aguilera fue la de compa\u00f1ero de docencia durante unos a\u00f1os, \u00e9l impart\u00eda cursos de doctorado despu\u00e9s de su jubilaci\u00f3n, donde mostraba sus enormes conocimientos.<br \/>\nTuve la ocasi\u00f3n de exponer con \u00e9l en varias muestras colectivas, como el Homenaje a Manuel Ferrand de la Caja San Fernando, o la muestra conmemorativa del 25 aniversario de la Facultad de BBAA de Sevilla.<br \/>\nGuardo un especial y grato recuerdo de la charla que tuvimos una tarde, cuando visit\u00e9 la gran exposici\u00f3n que present\u00f3 en la Sala del convento de Santa In\u00e9s de Sevilla en 1995, con motivo de su ochenta aniversario, organizada por la Junta de Andaluc\u00eda, de la que conservo un cat\u00e1logo con una cari\u00f1osa dedicatoria con su fi rma. Tambi\u00e9n atesoro varias Felicitaciones de Navidad, con dise\u00f1o original de su mano, que estuvimos intercambiando algunos a\u00f1os.<br \/>\nEra serio, correcto, pero amable. Cuando hablabas con \u00e9l, al principio parec\u00eda marcar una distancia, pero todo era una imagen aparente, pronto descubr\u00edas su lado cercano y amistoso, sent\u00eda verdadera pasi\u00f3n por su trabajo y transmit\u00eda una verdad sentida por todo aquello que dec\u00eda.<br \/>\nEn el campo de la creaci\u00f3n art\u00edstica marc\u00f3 unas ideas novedosas en Sevilla, fue uno de los primeros artistas que abrieron un camino a las nuevas tendencias en el mundo del arte. Se mantuvo siempre comprometido con los conceptos que defend\u00eda. Su dibujo era suelto, con trazo seguro y preciso, todo ello dentro del mundo de la fi guraci\u00f3n. La l\u00ednea como lenguaje, se elevaba en sus manos a muy alto nivel, la intenci\u00f3n en su gesto magistral expresaba toda la sabidur\u00eda de su experiencia.<br \/>\nYa en su \u00e9poca de madurez se inclin\u00f3 por una obra que rozaba la abstracci\u00f3n, y digo que la rozaba porque en su g\u00e9nesis permanec\u00eda la fi guraci\u00f3n llevada a cotas muy simplifi cadas, forjada sobre dos puntos importantes que nunca dejaron de estar presentes en sus creaciones: Uno, un dibujo preciso con el que organizaba las formas conteniendo refl ejos crom\u00e1ticos, con un orden de l\u00edneas de gran ajuste y destacado equilibrio. Otro, la rica paleta de colores a veces arm\u00f3nicos, otras de grandes contrastes, pero siempre con un ajuste de admirable y sorprendente organizaci\u00f3n, que no es otra cosa que el resultado de un sabio lenguaje que hab\u00eda estado utilizando y madurando durante toda su vida.<br \/>\nTodo ello es la muestra de un maestro que no s\u00f3lo buscaba su camino, tambi\u00e9n nos dej\u00f3 la huella de su enorme formaci\u00f3n. Sin dejar de expresar lo que sent\u00eda, utiliz\u00f3 un lenguaje nuevo que le dio la libertad para mostrarnos su verdad. Verdad colmada de sabidur\u00eda y experiencia.<\/div>\n<div style=\"text-align: right;\">Gonzalo Mart\u00ednez Andrades<br \/>\nCatedr\u00e1tico de la Facultad de BB AA de la Universidad de Sevilla<\/div>\n","protected":false},"excerpt":{"rendered":"<p>38 Autor: Gonzalo Mart\u00ednez T\u00edtulo: San Giorgio \u00a0Maggiore (Venecia 1972) Dimensiones: 41 \u00a0x 58\u00b45 cm T\u00e9cnica: pastel sobre cartulina MIGUEL P\u00c9REZ AGUILERA, DOCENCIA Y CREACI\u00d3N Al recibir de Domingo Mart\u00ednez&hellip;<\/p>\n","protected":false},"author":1,"featured_media":0,"comment_status":"open","ping_status":"open","sticky":false,"template":"","format":"standard","meta":[],"categories":[234,225],"tags":[242,14,226,237,230,162],"jetpack_featured_media_url":"","_links":{"self":[{"href":"https:\/\/muvacandalucia.es\/index.php\/wp-json\/wp\/v2\/posts\/847"}],"collection":[{"href":"https:\/\/muvacandalucia.es\/index.php\/wp-json\/wp\/v2\/posts"}],"about":[{"href":"https:\/\/muvacandalucia.es\/index.php\/wp-json\/wp\/v2\/types\/post"}],"author":[{"embeddable":true,"href":"https:\/\/muvacandalucia.es\/index.php\/wp-json\/wp\/v2\/users\/1"}],"replies":[{"embeddable":true,"href":"https:\/\/muvacandalucia.es\/index.php\/wp-json\/wp\/v2\/comments?post=847"}],"version-history":[{"count":5,"href":"https:\/\/muvacandalucia.es\/index.php\/wp-json\/wp\/v2\/posts\/847\/revisions"}],"predecessor-version":[{"id":1124,"href":"https:\/\/muvacandalucia.es\/index.php\/wp-json\/wp\/v2\/posts\/847\/revisions\/1124"}],"wp:attachment":[{"href":"https:\/\/muvacandalucia.es\/index.php\/wp-json\/wp\/v2\/media?parent=847"}],"wp:term":[{"taxonomy":"category","embeddable":true,"href":"https:\/\/muvacandalucia.es\/index.php\/wp-json\/wp\/v2\/categories?post=847"},{"taxonomy":"post_tag","embeddable":true,"href":"https:\/\/muvacandalucia.es\/index.php\/wp-json\/wp\/v2\/tags?post=847"}],"curies":[{"name":"wp","href":"https:\/\/api.w.org\/{rel}","templated":true}]}}