{"id":845,"date":"2021-03-15T05:33:49","date_gmt":"2021-03-15T05:33:49","guid":{"rendered":"https:\/\/muvaclinares.es\/?p=845"},"modified":"2021-03-25T05:38:16","modified_gmt":"2021-03-25T05:38:16","slug":"37-domingo-martinez","status":"publish","type":"post","link":"https:\/\/muvacandalucia.es\/index.php\/2021\/03\/15\/37-domingo-martinez\/","title":{"rendered":"37 Domingo Mart\u00ednez"},"content":{"rendered":"<div>37<\/div>\n<div>Autor: Domingo Mart\u00ednez<\/div>\n<div>T\u00edtulo: <i>La Cuadrilla<\/i><\/div>\n<div>Dimensiones: 100&#215;81 cm<\/div>\n<div>T\u00e9cnica: Acr\u00edlico sobre lienzo<\/div>\n","protected":false},"excerpt":{"rendered":"<p>37 Autor: Domingo Mart\u00ednez T\u00edtulo: La Cuadrilla Dimensiones: 100&#215;81 cm T\u00e9cnica: Acr\u00edlico sobre lienzo<\/p>\n","protected":false},"author":1,"featured_media":0,"comment_status":"open","ping_status":"open","sticky":false,"template":"","format":"standard","meta":[],"categories":[234,225],"tags":[236,90,14,226,237,230,162],"jetpack_featured_media_url":"","_links":{"self":[{"href":"https:\/\/muvacandalucia.es\/index.php\/wp-json\/wp\/v2\/posts\/845"}],"collection":[{"href":"https:\/\/muvacandalucia.es\/index.php\/wp-json\/wp\/v2\/posts"}],"about":[{"href":"https:\/\/muvacandalucia.es\/index.php\/wp-json\/wp\/v2\/types\/post"}],"author":[{"embeddable":true,"href":"https:\/\/muvacandalucia.es\/index.php\/wp-json\/wp\/v2\/users\/1"}],"replies":[{"embeddable":true,"href":"https:\/\/muvacandalucia.es\/index.php\/wp-json\/wp\/v2\/comments?post=845"}],"version-history":[{"count":4,"href":"https:\/\/muvacandalucia.es\/index.php\/wp-json\/wp\/v2\/posts\/845\/revisions"}],"predecessor-version":[{"id":1128,"href":"https:\/\/muvacandalucia.es\/index.php\/wp-json\/wp\/v2\/posts\/845\/revisions\/1128"}],"wp:attachment":[{"href":"https:\/\/muvacandalucia.es\/index.php\/wp-json\/wp\/v2\/media?parent=845"}],"wp:term":[{"taxonomy":"category","embeddable":true,"href":"https:\/\/muvacandalucia.es\/index.php\/wp-json\/wp\/v2\/categories?post=845"},{"taxonomy":"post_tag","embeddable":true,"href":"https:\/\/muvacandalucia.es\/index.php\/wp-json\/wp\/v2\/tags?post=845"}],"curies":[{"name":"wp","href":"https:\/\/api.w.org\/{rel}","templated":true}]}}