{"id":839,"date":"2021-03-15T05:29:39","date_gmt":"2021-03-15T05:29:39","guid":{"rendered":"https:\/\/muvaclinares.es\/?p=839"},"modified":"2021-03-31T18:38:22","modified_gmt":"2021-03-31T18:38:22","slug":"34-manuel-madrigal","status":"publish","type":"post","link":"https:\/\/muvacandalucia.es\/index.php\/2021\/03\/15\/34-manuel-madrigal\/","title":{"rendered":"34 Manuel Madrigal"},"content":{"rendered":"<div>\n<figure id=\"attachment_1134\" aria-describedby=\"caption-attachment-1134\" style=\"width: 217px\" class=\"wp-caption alignnone\"><img decoding=\"async\" loading=\"lazy\" class=\"size-medium wp-image-1134\" src=\"https:\/\/muvacandalucia.es\/wp-content\/uploads\/2021\/03\/34-Manuel-Madrigal-217x300.jpg\" alt=\"Autor: Manuel Madrigal T\u00edtulo: F\u00e9nix, 2020 Dimensiones: 70 \u00a0x 50 cm T\u00e9cnica: Mixta, \u00a0grafiti y \u00a0tinta de tatuaje\" width=\"217\" height=\"300\" srcset=\"https:\/\/muvacandalucia.es\/wp-content\/uploads\/2021\/03\/34-Manuel-Madrigal-217x300.jpg 217w, https:\/\/muvacandalucia.es\/wp-content\/uploads\/2021\/03\/34-Manuel-Madrigal.jpg 538w\" sizes=\"(max-width: 217px) 100vw, 217px\" \/><figcaption id=\"caption-attachment-1134\" class=\"wp-caption-text\">Autor: Manuel Madrigal<br \/>T\u00edtulo: F\u00e9nix, 2020<br \/>Dimensiones: 70 \u00a0x 50 cm<br \/>T\u00e9cnica: Mixta, \u00a0grafiti y \u00a0tinta de tatuaje<\/figcaption><\/figure>\n<\/div>\n<div>\u201cA lo largo de su trayectoria D. Miguel fue abandonando la figuraci\u00f3n para encontrar una l\u00ednea que lo identific\u00f3 hasta el final de su carrera.<br \/>\nEsta pieza representa el paso de lo figurativo a la abstracci\u00f3n en la que la imagen de ave F\u00e9nix \u201ctatuada\u201d sobre este lienzo se eleva reforzando el poder de renovaci\u00f3n y resiliencia\u201d.<\/div>\n<div style=\"text-align: right;\">Manuel Madrigal<br \/>\nDoctor en BBAA, profesor universitario y tatuador.<\/div>\n<div><\/div>\n<div><\/div>\n<div>\n<figure id=\"attachment_1306\" aria-describedby=\"caption-attachment-1306\" style=\"width: 216px\" class=\"wp-caption alignleft\"><img decoding=\"async\" loading=\"lazy\" class=\"size-medium wp-image-1306\" src=\"https:\/\/muvacandalucia.es\/wp-content\/uploads\/2021\/03\/Twotattoo_Reportaje_Ana_Galan4-216x300.png\" alt=\"Manuel Madrigal (Fotograf\u00eda de Ana Gal\u00e0n)\" width=\"216\" height=\"300\" srcset=\"https:\/\/muvacandalucia.es\/wp-content\/uploads\/2021\/03\/Twotattoo_Reportaje_Ana_Galan4-216x300.png 216w, https:\/\/muvacandalucia.es\/wp-content\/uploads\/2021\/03\/Twotattoo_Reportaje_Ana_Galan4.png 567w\" sizes=\"(max-width: 216px) 100vw, 216px\" \/><figcaption id=\"caption-attachment-1306\" class=\"wp-caption-text\">Manuel Madrigal (Fotograf\u00eda de Ana Gal\u00e0n)<\/figcaption><\/figure>\n<p>Manuel Madrigal, \u201cManu\u201d (Sevilla, 1961) ha ejercido durante los \u00faltimos 35 a\u00f1os como dise\u00f1ador gr\u00e1fico tarea que ha compaginado con la docencia universitaria en el grado de Publicidad de la Universidad de Sevilla. Actualmente es Director Acad\u00e9mico del Master de Dise\u00f1o Gr\u00e1fico de la Escuela de Negocios de la C\u00e1mara de Comercio de Sevilla.<br \/>\nManu confiesa que su vida cambi\u00f3 radicalmente cuando, hace unos 10 a\u00f1os, se introdujo en el mundo del tatuaje.<\/p>\n<p>En su obra \u201cFenix \u201c, Madrigal envuelve a su modelo con papel gris arrugado, \u201cel mismo material en el que D. Miguel nos borraba una y otra vez nuestros dibujos&#8230; Este es mi gui\u00f1o a nuestro maestro, en el que adem\u00e1s de haber realizado la obra en carboncillo (material con el que aprendimos a encajar), la he trabajado con Tinta de Tatuaje, elemento con el que trabajo actualmente\u201d- explica a MuVACLinares el experimentado artista Manuel Madrigal que mantiene su caracter\u00edstico estilo pese a haber \u201ccambiado los pinceles por las agujas de tatuar\u201d.<\/p>\n<p>Para m\u00e1s informaci\u00f3n sobre la actual ocupaci\u00f3n de Manuel Madrigal, visite:<\/p>\n<p>www.twotattoo.es<br \/>\n@twotattoo_sevilla<\/p>\n<p align=\"JUSTIFY\">\n<\/div>\n<div><\/div>\n<div><\/div>\n","protected":false},"excerpt":{"rendered":"<p>\u201cA lo largo de su trayectoria D. Miguel fue abandonando la figuraci\u00f3n para encontrar una l\u00ednea que lo identific\u00f3 hasta el final de su carrera. Esta pieza representa el paso&hellip;<\/p>\n","protected":false},"author":1,"featured_media":0,"comment_status":"open","ping_status":"open","sticky":false,"template":"","format":"standard","meta":[],"categories":[234,225],"tags":[236,90,14,226,237,276,230,162],"jetpack_featured_media_url":"","_links":{"self":[{"href":"https:\/\/muvacandalucia.es\/index.php\/wp-json\/wp\/v2\/posts\/839"}],"collection":[{"href":"https:\/\/muvacandalucia.es\/index.php\/wp-json\/wp\/v2\/posts"}],"about":[{"href":"https:\/\/muvacandalucia.es\/index.php\/wp-json\/wp\/v2\/types\/post"}],"author":[{"embeddable":true,"href":"https:\/\/muvacandalucia.es\/index.php\/wp-json\/wp\/v2\/users\/1"}],"replies":[{"embeddable":true,"href":"https:\/\/muvacandalucia.es\/index.php\/wp-json\/wp\/v2\/comments?post=839"}],"version-history":[{"count":6,"href":"https:\/\/muvacandalucia.es\/index.php\/wp-json\/wp\/v2\/posts\/839\/revisions"}],"predecessor-version":[{"id":1308,"href":"https:\/\/muvacandalucia.es\/index.php\/wp-json\/wp\/v2\/posts\/839\/revisions\/1308"}],"wp:attachment":[{"href":"https:\/\/muvacandalucia.es\/index.php\/wp-json\/wp\/v2\/media?parent=839"}],"wp:term":[{"taxonomy":"category","embeddable":true,"href":"https:\/\/muvacandalucia.es\/index.php\/wp-json\/wp\/v2\/categories?post=839"},{"taxonomy":"post_tag","embeddable":true,"href":"https:\/\/muvacandalucia.es\/index.php\/wp-json\/wp\/v2\/tags?post=839"}],"curies":[{"name":"wp","href":"https:\/\/api.w.org\/{rel}","templated":true}]}}