{"id":837,"date":"2021-03-15T05:28:19","date_gmt":"2021-03-15T05:28:19","guid":{"rendered":"https:\/\/muvaclinares.es\/?p=837"},"modified":"2021-03-27T07:20:03","modified_gmt":"2021-03-27T07:20:03","slug":"33-carlos-luchena","status":"publish","type":"post","link":"https:\/\/muvacandalucia.es\/index.php\/2021\/03\/15\/33-carlos-luchena\/","title":{"rendered":"33. Carlos Luchena"},"content":{"rendered":"<p>33.<br \/>\nAutor: Carlos Luchena<br \/>\nT\u00edtulo: S\/T<br \/>\nDimensiones: 100 x 70 cm<br \/>\nT\u00e9cnica: Mixta y collage<\/p>\n<figure id=\"attachment_1141\" aria-describedby=\"caption-attachment-1141\" style=\"width: 167px\" class=\"wp-caption alignnone\"><img decoding=\"async\" loading=\"lazy\" class=\"size-medium wp-image-1141\" src=\"https:\/\/muvacandalucia.es\/wp-content\/uploads\/2021\/03\/33-Carlos-Luchena-167x300.jpg\" alt=\"T\u00e9cnica: acuarelas y tintas de colores Son dos interpretaciones po\u00e9ticas y dos de dibujo de Carlos Luchena sobre una obra original de P\u00e9rez Aguilera que regal\u00f3 a Gustavo Bacarisas.\" width=\"167\" height=\"300\" srcset=\"https:\/\/muvacandalucia.es\/wp-content\/uploads\/2021\/03\/33-Carlos-Luchena-167x300.jpg 167w, https:\/\/muvacandalucia.es\/wp-content\/uploads\/2021\/03\/33-Carlos-Luchena.jpg 456w\" sizes=\"(max-width: 167px) 100vw, 167px\" \/><figcaption id=\"caption-attachment-1141\" class=\"wp-caption-text\">T\u00e9cnica: acuarelas y tintas de colores<br \/>Son dos interpretaciones po\u00e9ticas y dos de dibujo de Carlos Luchena sobre una obra original de P\u00e9rez Aguilera que regal\u00f3 a Gustavo Bacarisas.<\/figcaption><\/figure>\n<p>&nbsp;<\/p>\n<p>Miguel P\u00e9rez Aguilera<br \/>\nDe Barcelona a Madrid<br \/>\nDe Par\u00eds a Portugal y Marruecos<br \/>\nDonde los grises de posguerra<br \/>\nHasta los colores de Montmartre<br \/>\nAcab\u00f3 coloreando por planos a Sevilla<br \/>\nCompendiando a Bacarisas<br \/>\nV\u00e1zquez D\u00edaz hasta<br \/>\nLuis Gordillo y Carmen Laff\u00f3n<br \/>\nMiguel P\u00e9rez Aguilera<br \/>\nJuega a colorear la orograf\u00eda<br \/>\nComo el ni\u00f1o que quiso ser o quiz\u00e1 lo fuera<br \/>\nQuiso ser arco iris y cometa sin hilo<br \/>\nViaja<br \/>\nDe Linares a Sevilla<br \/>\nEl ni\u00f1o que juega con la luna<br \/>\nCamino de Madrid<br \/>\nCon los colores del Universo<br \/>\nEl ancho espectro desplegado<br \/>\nPor el Padre de la Abstracci\u00f3n.<\/p>\n<p style=\"text-align: right;\">\nCarlos Luchena.<br \/>\nProfesor de la Escuela de Arte de Jerez.Pintor, poeta.<br \/>\nObra de 70&#215;100 cent\u00edmetros.<br \/>\nSin titulo<\/p>\n<p style=\"text-align: right;\">\n","protected":false},"excerpt":{"rendered":"<p>33. Autor: Carlos Luchena T\u00edtulo: S\/T Dimensiones: 100 x 70 cm T\u00e9cnica: Mixta y collage &nbsp; Miguel P\u00e9rez Aguilera De Barcelona a Madrid De Par\u00eds a Portugal y Marruecos Donde&hellip;<\/p>\n","protected":false},"author":1,"featured_media":0,"comment_status":"open","ping_status":"open","sticky":false,"template":"","format":"standard","meta":[],"categories":[234,225],"tags":[236,235,90,14,226,237,230,162],"jetpack_featured_media_url":"","_links":{"self":[{"href":"https:\/\/muvacandalucia.es\/index.php\/wp-json\/wp\/v2\/posts\/837"}],"collection":[{"href":"https:\/\/muvacandalucia.es\/index.php\/wp-json\/wp\/v2\/posts"}],"about":[{"href":"https:\/\/muvacandalucia.es\/index.php\/wp-json\/wp\/v2\/types\/post"}],"author":[{"embeddable":true,"href":"https:\/\/muvacandalucia.es\/index.php\/wp-json\/wp\/v2\/users\/1"}],"replies":[{"embeddable":true,"href":"https:\/\/muvacandalucia.es\/index.php\/wp-json\/wp\/v2\/comments?post=837"}],"version-history":[{"count":3,"href":"https:\/\/muvacandalucia.es\/index.php\/wp-json\/wp\/v2\/posts\/837\/revisions"}],"predecessor-version":[{"id":1142,"href":"https:\/\/muvacandalucia.es\/index.php\/wp-json\/wp\/v2\/posts\/837\/revisions\/1142"}],"wp:attachment":[{"href":"https:\/\/muvacandalucia.es\/index.php\/wp-json\/wp\/v2\/media?parent=837"}],"wp:term":[{"taxonomy":"category","embeddable":true,"href":"https:\/\/muvacandalucia.es\/index.php\/wp-json\/wp\/v2\/categories?post=837"},{"taxonomy":"post_tag","embeddable":true,"href":"https:\/\/muvacandalucia.es\/index.php\/wp-json\/wp\/v2\/tags?post=837"}],"curies":[{"name":"wp","href":"https:\/\/api.w.org\/{rel}","templated":true}]}}