{"id":830,"date":"2021-03-15T05:23:37","date_gmt":"2021-03-15T05:23:37","guid":{"rendered":"https:\/\/muvaclinares.es\/?p=830"},"modified":"2021-03-27T07:27:25","modified_gmt":"2021-03-27T07:27:25","slug":"30-jose-maria-larrondo","status":"publish","type":"post","link":"https:\/\/muvacandalucia.es\/index.php\/2021\/03\/15\/30-jose-maria-larrondo\/","title":{"rendered":"30 Jos\u00e9 Mar\u00eda Larrondo"},"content":{"rendered":"<figure id=\"attachment_1147\" aria-describedby=\"caption-attachment-1147\" style=\"width: 212px\" class=\"wp-caption alignnone\"><img decoding=\"async\" loading=\"lazy\" class=\"size-medium wp-image-1147\" src=\"https:\/\/muvacandalucia.es\/wp-content\/uploads\/2021\/03\/31-Jose-Maria-Larrondo-212x300.jpg\" alt=\"30 Autor: Jos\u00e9 Mar\u00eda Larrondo T\u00edtulo: La muerte no es el final, Dimensiones: 100 x 70 cm T\u00e9cnica: Mixta y collage\" width=\"212\" height=\"300\" srcset=\"https:\/\/muvacandalucia.es\/wp-content\/uploads\/2021\/03\/31-Jose-Maria-Larrondo-212x300.jpg 212w, https:\/\/muvacandalucia.es\/wp-content\/uploads\/2021\/03\/31-Jose-Maria-Larrondo.jpg 537w\" sizes=\"(max-width: 212px) 100vw, 212px\" \/><figcaption id=\"caption-attachment-1147\" class=\"wp-caption-text\">30<br \/>Autor: Jos\u00e9 Mar\u00eda Larrondo<br \/>T\u00edtulo: La muerte no es el final,<br \/>Dimensiones: 100 x 70 cm<br \/>T\u00e9cnica: Mixta y collage<\/figcaption><\/figure>\n<p>&nbsp;<\/p>\n<div><\/div>\n<div><\/div>\n","protected":false},"excerpt":{"rendered":"<p>&nbsp;<\/p>\n","protected":false},"author":1,"featured_media":0,"comment_status":"open","ping_status":"open","sticky":false,"template":"","format":"standard","meta":[],"categories":[234,225],"tags":[235],"jetpack_featured_media_url":"","_links":{"self":[{"href":"https:\/\/muvacandalucia.es\/index.php\/wp-json\/wp\/v2\/posts\/830"}],"collection":[{"href":"https:\/\/muvacandalucia.es\/index.php\/wp-json\/wp\/v2\/posts"}],"about":[{"href":"https:\/\/muvacandalucia.es\/index.php\/wp-json\/wp\/v2\/types\/post"}],"author":[{"embeddable":true,"href":"https:\/\/muvacandalucia.es\/index.php\/wp-json\/wp\/v2\/users\/1"}],"replies":[{"embeddable":true,"href":"https:\/\/muvacandalucia.es\/index.php\/wp-json\/wp\/v2\/comments?post=830"}],"version-history":[{"count":3,"href":"https:\/\/muvacandalucia.es\/index.php\/wp-json\/wp\/v2\/posts\/830\/revisions"}],"predecessor-version":[{"id":1148,"href":"https:\/\/muvacandalucia.es\/index.php\/wp-json\/wp\/v2\/posts\/830\/revisions\/1148"}],"wp:attachment":[{"href":"https:\/\/muvacandalucia.es\/index.php\/wp-json\/wp\/v2\/media?parent=830"}],"wp:term":[{"taxonomy":"category","embeddable":true,"href":"https:\/\/muvacandalucia.es\/index.php\/wp-json\/wp\/v2\/categories?post=830"},{"taxonomy":"post_tag","embeddable":true,"href":"https:\/\/muvacandalucia.es\/index.php\/wp-json\/wp\/v2\/tags?post=830"}],"curies":[{"name":"wp","href":"https:\/\/api.w.org\/{rel}","templated":true}]}}