{"id":828,"date":"2021-03-15T05:22:17","date_gmt":"2021-03-15T05:22:17","guid":{"rendered":"https:\/\/muvaclinares.es\/?p=828"},"modified":"2021-03-27T07:33:10","modified_gmt":"2021-03-27T07:33:10","slug":"29-carmen-laffon","status":"publish","type":"post","link":"https:\/\/muvacandalucia.es\/index.php\/2021\/03\/15\/29-carmen-laffon\/","title":{"rendered":"29. Carmen Laff\u00f3n"},"content":{"rendered":"<p>29.<br \/>\nAutora: Carmen Laff\u00f3n<br \/>\nT\u00edtulo: Armario Rojo<br \/>\nDimensiones: 90 x 73<br \/>\nT\u00e9cnica: Mixta<\/p>\n<p>&nbsp;<\/p>\n<figure id=\"attachment_1150\" aria-describedby=\"caption-attachment-1150\" style=\"width: 225px\" class=\"wp-caption alignnone\"><img decoding=\"async\" loading=\"lazy\" class=\"size-medium wp-image-1150\" src=\"https:\/\/muvacandalucia.es\/wp-content\/uploads\/2021\/03\/29-Carmen-Laffon-225x300.jpg\" alt=\"29. Autora: Carmen Laff\u00f3n T\u00edtulo: Armario Rojo Dimensiones: 90 x 73 T\u00e9cnica: Mixta\" width=\"225\" height=\"300\" srcset=\"https:\/\/muvacandalucia.es\/wp-content\/uploads\/2021\/03\/29-Carmen-Laffon-225x300.jpg 225w, https:\/\/muvacandalucia.es\/wp-content\/uploads\/2021\/03\/29-Carmen-Laffon.jpg 569w\" sizes=\"(max-width: 225px) 100vw, 225px\" \/><figcaption id=\"caption-attachment-1150\" class=\"wp-caption-text\">29.<br \/>Autora: Carmen Laff\u00f3n<br \/>T\u00edtulo: Armario Rojo<br \/>Dimensiones: 90 x 73<br \/>T\u00e9cnica: Mixta<\/figcaption><\/figure>\n","protected":false},"excerpt":{"rendered":"<p>29. Autora: Carmen Laff\u00f3n T\u00edtulo: Armario Rojo Dimensiones: 90 x 73 T\u00e9cnica: Mixta &nbsp;<\/p>\n","protected":false},"author":1,"featured_media":0,"comment_status":"open","ping_status":"open","sticky":false,"template":"","format":"standard","meta":[],"categories":[234,225],"tags":[235,90,14,226,230,162],"jetpack_featured_media_url":"","_links":{"self":[{"href":"https:\/\/muvacandalucia.es\/index.php\/wp-json\/wp\/v2\/posts\/828"}],"collection":[{"href":"https:\/\/muvacandalucia.es\/index.php\/wp-json\/wp\/v2\/posts"}],"about":[{"href":"https:\/\/muvacandalucia.es\/index.php\/wp-json\/wp\/v2\/types\/post"}],"author":[{"embeddable":true,"href":"https:\/\/muvacandalucia.es\/index.php\/wp-json\/wp\/v2\/users\/1"}],"replies":[{"embeddable":true,"href":"https:\/\/muvacandalucia.es\/index.php\/wp-json\/wp\/v2\/comments?post=828"}],"version-history":[{"count":3,"href":"https:\/\/muvacandalucia.es\/index.php\/wp-json\/wp\/v2\/posts\/828\/revisions"}],"predecessor-version":[{"id":1151,"href":"https:\/\/muvacandalucia.es\/index.php\/wp-json\/wp\/v2\/posts\/828\/revisions\/1151"}],"wp:attachment":[{"href":"https:\/\/muvacandalucia.es\/index.php\/wp-json\/wp\/v2\/media?parent=828"}],"wp:term":[{"taxonomy":"category","embeddable":true,"href":"https:\/\/muvacandalucia.es\/index.php\/wp-json\/wp\/v2\/categories?post=828"},{"taxonomy":"post_tag","embeddable":true,"href":"https:\/\/muvacandalucia.es\/index.php\/wp-json\/wp\/v2\/tags?post=828"}],"curies":[{"name":"wp","href":"https:\/\/api.w.org\/{rel}","templated":true}]}}