{"id":824,"date":"2021-03-15T05:19:19","date_gmt":"2021-03-15T05:19:19","guid":{"rendered":"https:\/\/muvaclinares.es\/?p=824"},"modified":"2021-03-27T07:44:43","modified_gmt":"2021-03-27T07:44:43","slug":"27-eloisa-jimenez","status":"publish","type":"post","link":"https:\/\/muvacandalucia.es\/index.php\/2021\/03\/15\/27-eloisa-jimenez\/","title":{"rendered":"27 Elo\u00edsa Jim\u00e9nez"},"content":{"rendered":"<div>27<\/div>\n<div>Autora: Elo\u00edsa Jim\u00e9nez<\/div>\n<div>T\u00edtulo: <i>Esperanza<\/i><\/div>\n<div>Dimensiones: 50 x 75 cm<\/div>\n<div>T\u00e9cnica: Mixta sobre papel gris<\/div>\n<div>\n<figure id=\"attachment_1156\" aria-describedby=\"caption-attachment-1156\" style=\"width: 195px\" class=\"wp-caption alignnone\"><img decoding=\"async\" loading=\"lazy\" class=\"wp-image-1156 size-medium\" title=\"27 Autora: Elo\u00edsa Jim\u00e9nez T\u00edtulo: Esperanza Dimensiones: 50 x 75 cm T\u00e9cnica: Mixta sobre papel gris\" src=\"https:\/\/muvacandalucia.es\/wp-content\/uploads\/2021\/03\/27-Eloisa-Jimenez-195x300.jpg\" alt=\"27 Autora: Elo\u00edsa Jim\u00e9nez T\u00edtulo: Esperanza Dimensiones: 50 x 75 cm T\u00e9cnica: Mixta sobre papel gris\" width=\"195\" height=\"300\" srcset=\"https:\/\/muvacandalucia.es\/wp-content\/uploads\/2021\/03\/27-Eloisa-Jimenez-195x300.jpg 195w, https:\/\/muvacandalucia.es\/wp-content\/uploads\/2021\/03\/27-Eloisa-Jimenez.jpg 482w\" sizes=\"(max-width: 195px) 100vw, 195px\" \/><figcaption id=\"caption-attachment-1156\" class=\"wp-caption-text\">27 Autora: Elo\u00edsa Jim\u00e9nez T\u00edtulo: Esperanza Dimensiones: 50 x 75 cm T\u00e9cnica: Mixta sobre papel gris<\/figcaption><\/figure>\n<\/div>\n<div>Mi primer contacto con Don Miguel P\u00e9rez Aguilera fue durante los cursos de la Licenciatura de 2\u00ba y 3\u00ba, que estuve en Sevilla como alumna ofi cial en las clases de Dibujo del Natural. Si bien no me correspondi\u00f3 \u00e9l como profesor, sacaba<br \/>\ntiempo como pod\u00eda e iba a escuchar sus lecciones, cuesti\u00f3n que no le molest\u00f3 ni a \u00e9l ni a otros profesores, como mi querido profesor, Don Jos\u00e9 Luis Mauri, con quien ten\u00eda docencia directa. \u00a1Todos unos profesionales de la ense\u00f1anza art\u00edstica y de gran calidad humana!<br \/>\nRecuerdo sus esqueletos y esquemas en los cuales con dos trazos te planteaba toda la pose de la fi gura y la visita a su estudio, donde con gran paciencia nos ense\u00f1aba a los alumnos sus pinturas, un gran descubrimiento y que para m\u00ed tuvo mucha transcendencia. Durante todo el curso de 1986 es cuando tuve un contacto m\u00e1s personal con Don Miguel P\u00e9rez Aguilera, pues me dirigi\u00f3 la tesina titulada\u201d El color: desde su naturaleza f\u00edsica y apreciaci\u00f3n fi siol\u00f3gica, a su expresi\u00f3n psicol\u00f3gica y pl\u00e1stica.\u201d Me vienen muchos recuerdos y conversaciones que manten\u00eda con \u00e9l. Esta etapa determin\u00f3 mi forma de trabajar en el campo del arte.<br \/>\nEn 1991 me incorpor\u00e9 como docente y para una labor de investigaci\u00f3n, a la Facultad de Ciencias -Departamento de \u00d3ptica- seguramente gracias a la tesina y al concurso que se convoc\u00f3 para cubrir docencia en la Universidad en comisi\u00f3n de servicios por parte de docentes de Ense\u00f1anzas Medias. All\u00ed realic\u00e9 la Tesis Doctoral, publicada en 1994,cuyo t\u00edtulo es \u201cEl color y su expresi\u00f3n pl\u00e1stica: estudio de las mezclas de colores de forma cubriente y homog\u00e9nea\u201d bas\u00e1ndome en un proyecto de investigaci\u00f3n de CICYT en el cual se ped\u00edan realizar una base de datos de colores para reconocimiento e identificaci\u00f3n del color para rob\u00f3tica, \u201c Modelos de reflectancia espectral y reconocimiento e identifi caci\u00f3n\u201d, y esto me llev\u00f3 a realizar el mayor Atlas de colores -3000 muestras- hasta este momento en el mundo \u2013 expuesto en el<br \/>\nCongreso Internacional de Color y en El Hospital Real de Granada en 1994 y proponer entre otras cuestiones un nuevo circulo crom\u00e1tico. Particip\u00e9 como miembro en dos Comit\u00e9s Internacionales del Color, \u201cIlusiones Visuales y efectos en el Arte,\u201d y \u201cEl color en la ense\u00f1anza\u201d, desde 1995.<br \/>\nQuisiera resaltar, del Profesor Don Miguel P\u00e9rez Aguilera, la calidad como persona y artista. Pienso que es uno de los artistas, que a pesar de su fama, a\u00fan no se le ha situado en su lugar como el gran artista internacional que es.<br \/>\nComo hombre de su \u00e9poca comenz\u00f3 con la figuraci\u00f3n y pint\u00f3 junto a Jos\u00e9 Guerrero las carteleras de cine en Madrid, para ganarse un dinerillo. De la obras fi gurativas, que ten\u00eda en el comedor de su casa -un grupo familiar de gitanas en la feria de Abril Sevillana-, pas\u00f3 por el informalismo de forma r\u00e1pida, hacia el campo de la abstracci\u00f3n. Un arte no imitativo del simple naturalismo, lleg\u00f3 a la composici\u00f3n m\u00e1s genuina, abstracta y universal. \u00c9l dec\u00eda que sus composiciones y estudios de orograf\u00eda le hab\u00edan servido para revisar lo absoluto y diferenciarlo de los detalles m\u00e1s nimios.<br \/>\nSi su arte se puede considerar como arte \u00f3ptico por la luminosidad que transmite su pintura y las referencias de combinaci\u00f3n del color en un todo que va m\u00e1s all\u00e1 de los referentes -algunos ven los refl ejos del papel de aluminio-, de los brillos, los matices, pero sus composiciones est\u00e1n bien estructuradas y medidas son de un aut\u00e9ntico maestro. No deja nada al azar, al irracionalismo, a la suerte, piensa y medita, observa, compone, deja reposar y a la vez es decisi\u00f3n, rotundidad y fuerza. Todos<br \/>\nlos alumnos conocemos su fuerte car\u00e1cter, su decisi\u00f3n a la hora de transmitirnos sus ense\u00f1anzas, un docente con total claridad de ideas y sin malgastar esfuerzos en lo innecesario ni en la b\u00fasqueda de un virtuosismo trasnochado.<br \/>\nRecuerdo que cualquier detalle le serv\u00eda de inspiraci\u00f3n, un estampado de un vestido, dos formas puntuales distantes como fuerzas opuestas, las simetr\u00edas de un cuadrado, y para cada obra buscaba su formato y replanteaba de una forma consciente su composici\u00f3n. Sin embargo sus pinturas y su quehacer pict\u00f3rico estaba lleno de ritmo, de armon\u00eda, la m\u00fasica le inspiraba y era el t\u00edtulo de parte de sus obras.<br \/>\n\u00c9l ha traspasado lo puramente visual para introducirnos en esos mundos y caracter\u00edsticas que buscaban nuestros artistas m\u00e1s vanguardistas de principios de siglo XX -Picasso, Kandinsky, Mondrian, Malevich, Vasarely, Sempere, Bridget Riley- y otros tantos. Su obra es una invitaci\u00f3n a reconstruir al hombre, despu\u00e9s de tanta guerra, tanta desilusi\u00f3n, tanto despecho- con las corrientes dada\u00edstas y suced\u00e1neos-, nos muestra en sus composiciones pensadas, meditadas y sentidas, la alegr\u00eda de luchar en la sinceridad, la verdad, la conciencia, de volver a vivir y a sentir y comunicarlo a trav\u00e9s de la obra pict\u00f3rica. \u00c9l ha pasado de lo puramente visual al concepto, uno de estos artistas que puede y debe ser una antorcha universal y ejemplo del arte de la segunda mitad del siglo XX y principios del XXI.<br \/>\nLa pintura ha llegado con sus obras a ser otra vez pintura, nada m\u00e1s ni nada menos. Un foco que ilumina a futuras generaciones alejados de las pol\u00edticas, las galer\u00edas, las ferias y los c\u00edrculos interesados de la obra comercial y mercantil, de los corralitos que a \u00e9l nunca le interesaron ni le movieron de su aut\u00e9ntico quehacer art\u00edstico.<br \/>\nSus composiciones ya sean peque\u00f1o formato, sus llamados \u201cdivertimentos\u201d y entretenimientos en las horas de playa en Fuengirola o sus grandes formatos compuestos en el estudio, constituyen por su fuerza, por su vitalidad, por su ense\u00f1anza, una aut\u00e9ntica lecci\u00f3n de dibujo, composici\u00f3n, color y expresi\u00f3n, una aut\u00e9ntica obra de arte para la eternidad. Para \u00e9l, un cuadro era una combinaci\u00f3n de colores y formas, una mancha perfectamente articulada y medida.<br \/>\nSirva esta peque\u00f1a rese\u00f1a como homenaje a su obra y persona, como hombre, como docente y como artista.<br \/>\nDec\u00eda \u201cUn d\u00eda sin pintar es un d\u00eda perdido\u201d.<br \/>\n\u00a1Toda mi admiraci\u00f3n! Gracias Don Miguel<\/div>\n<div>Elo\u00edsa Jim\u00e9nez Mart\u00edn<br \/>\nLicenciada en Bellas Artes por la Facultad de Santa Isabel de Hungr\u00eda de Sevilla. Combina Arte y Docencia.<br \/>\nHomenaje a M.Per\u00e9z Aguilera<\/div>\n","protected":false},"excerpt":{"rendered":"<p>27 Autora: Elo\u00edsa Jim\u00e9nez T\u00edtulo: Esperanza Dimensiones: 50 x 75 cm T\u00e9cnica: Mixta sobre papel gris Mi primer contacto con Don Miguel P\u00e9rez Aguilera fue durante los cursos de la&hellip;<\/p>\n","protected":false},"author":1,"featured_media":0,"comment_status":"open","ping_status":"open","sticky":false,"template":"","format":"standard","meta":[],"categories":[234,225],"tags":[235,90,14,226,230,162],"jetpack_featured_media_url":"","_links":{"self":[{"href":"https:\/\/muvacandalucia.es\/index.php\/wp-json\/wp\/v2\/posts\/824"}],"collection":[{"href":"https:\/\/muvacandalucia.es\/index.php\/wp-json\/wp\/v2\/posts"}],"about":[{"href":"https:\/\/muvacandalucia.es\/index.php\/wp-json\/wp\/v2\/types\/post"}],"author":[{"embeddable":true,"href":"https:\/\/muvacandalucia.es\/index.php\/wp-json\/wp\/v2\/users\/1"}],"replies":[{"embeddable":true,"href":"https:\/\/muvacandalucia.es\/index.php\/wp-json\/wp\/v2\/comments?post=824"}],"version-history":[{"count":4,"href":"https:\/\/muvacandalucia.es\/index.php\/wp-json\/wp\/v2\/posts\/824\/revisions"}],"predecessor-version":[{"id":1158,"href":"https:\/\/muvacandalucia.es\/index.php\/wp-json\/wp\/v2\/posts\/824\/revisions\/1158"}],"wp:attachment":[{"href":"https:\/\/muvacandalucia.es\/index.php\/wp-json\/wp\/v2\/media?parent=824"}],"wp:term":[{"taxonomy":"category","embeddable":true,"href":"https:\/\/muvacandalucia.es\/index.php\/wp-json\/wp\/v2\/categories?post=824"},{"taxonomy":"post_tag","embeddable":true,"href":"https:\/\/muvacandalucia.es\/index.php\/wp-json\/wp\/v2\/tags?post=824"}],"curies":[{"name":"wp","href":"https:\/\/api.w.org\/{rel}","templated":true}]}}