{"id":818,"date":"2021-03-15T05:15:35","date_gmt":"2021-03-15T05:15:35","guid":{"rendered":"https:\/\/muvaclinares.es\/?p=818"},"modified":"2021-04-21T07:18:15","modified_gmt":"2021-04-21T07:18:15","slug":"25-luis-gordillo","status":"publish","type":"post","link":"https:\/\/muvacandalucia.es\/index.php\/2021\/03\/15\/25-luis-gordillo\/","title":{"rendered":"25 Luis Gordillo"},"content":{"rendered":"<div>\n<figure id=\"attachment_1164\" aria-describedby=\"caption-attachment-1164\" style=\"width: 210px\" class=\"wp-caption alignnone\"><img decoding=\"async\" loading=\"lazy\" class=\"size-medium wp-image-1164\" src=\"https:\/\/muvacandalucia.es\/wp-content\/uploads\/2021\/03\/25-Luis-Gordillo-210x300.jpg\" alt=\"25 Autor: Luis Gordillo T\u00edtulo: Homenaje a Miguel P\u00e9rez Aguilera, 2019 Dimensiones: 25 x 20 cm aprox. T\u00e9cnica: Mixta\" width=\"210\" height=\"300\" srcset=\"https:\/\/muvacandalucia.es\/wp-content\/uploads\/2021\/03\/25-Luis-Gordillo-210x300.jpg 210w, https:\/\/muvacandalucia.es\/wp-content\/uploads\/2021\/03\/25-Luis-Gordillo.jpg 508w\" sizes=\"(max-width: 210px) 100vw, 210px\" \/><figcaption id=\"caption-attachment-1164\" class=\"wp-caption-text\">25<br \/>Autor: Luis Gordillo<br \/>T\u00edtulo: Homenaje a Miguel P\u00e9rez Aguilera, 2019<br \/>Dimensiones: 25 x 20 cm aprox.<br \/>T\u00e9cnica: Mixta<\/figcaption><\/figure>\n<p>25<\/p>\n<\/div>\n<div>Autor: Luis Gordillo<\/div>\n<div>T\u00edtulo: <i>Homenaje a Miguel P\u00e9rez Aguilera, 2019<\/i><\/div>\n<div>Dimensiones: 25 x 20 cm aprox.<\/div>\n<div>T\u00e9cnica: Mixta<\/div>\n<div><\/div>\n<div>Entre los recuerdos buenos profesionales tengo el de mi relaci\u00f3n con \u201cD. Miguel\u201d. Todos le recordamos con respeto; como profesor de dibujo y como persona comprometida. Quiz\u00e1s todo su misterio se reduc\u00eda a un argumento: amaba\u00a0lo que hac\u00eda, viv\u00eda lo que hac\u00eda. Eso s\u00ed que es un ejemplo para todos.<\/div>\n<div style=\"text-align: right;\">Luis Gordillo<br \/>\nMadrid, 7 de octubre 2019<\/div>\n<div><\/div>\n","protected":false},"excerpt":{"rendered":"<p>25 Autor: Luis Gordillo T\u00edtulo: Homenaje a Miguel P\u00e9rez Aguilera, 2019 Dimensiones: 25 x 20 cm aprox. T\u00e9cnica: Mixta Entre los recuerdos buenos profesionales tengo el de mi relaci\u00f3n con&hellip;<\/p>\n","protected":false},"author":1,"featured_media":0,"comment_status":"open","ping_status":"open","sticky":false,"template":"","format":"standard","meta":[],"categories":[234,225],"tags":[235,90,14,226,230,162],"jetpack_featured_media_url":"","_links":{"self":[{"href":"https:\/\/muvacandalucia.es\/index.php\/wp-json\/wp\/v2\/posts\/818"}],"collection":[{"href":"https:\/\/muvacandalucia.es\/index.php\/wp-json\/wp\/v2\/posts"}],"about":[{"href":"https:\/\/muvacandalucia.es\/index.php\/wp-json\/wp\/v2\/types\/post"}],"author":[{"embeddable":true,"href":"https:\/\/muvacandalucia.es\/index.php\/wp-json\/wp\/v2\/users\/1"}],"replies":[{"embeddable":true,"href":"https:\/\/muvacandalucia.es\/index.php\/wp-json\/wp\/v2\/comments?post=818"}],"version-history":[{"count":4,"href":"https:\/\/muvacandalucia.es\/index.php\/wp-json\/wp\/v2\/posts\/818\/revisions"}],"predecessor-version":[{"id":1692,"href":"https:\/\/muvacandalucia.es\/index.php\/wp-json\/wp\/v2\/posts\/818\/revisions\/1692"}],"wp:attachment":[{"href":"https:\/\/muvacandalucia.es\/index.php\/wp-json\/wp\/v2\/media?parent=818"}],"wp:term":[{"taxonomy":"category","embeddable":true,"href":"https:\/\/muvacandalucia.es\/index.php\/wp-json\/wp\/v2\/categories?post=818"},{"taxonomy":"post_tag","embeddable":true,"href":"https:\/\/muvacandalucia.es\/index.php\/wp-json\/wp\/v2\/tags?post=818"}],"curies":[{"name":"wp","href":"https:\/\/api.w.org\/{rel}","templated":true}]}}