{"id":816,"date":"2021-03-15T05:14:12","date_gmt":"2021-03-15T05:14:12","guid":{"rendered":"https:\/\/muvaclinares.es\/?p=816"},"modified":"2021-03-28T05:21:37","modified_gmt":"2021-03-28T05:21:37","slug":"24-luis-gonzalo-gonzalez","status":"publish","type":"post","link":"https:\/\/muvacandalucia.es\/index.php\/2021\/03\/15\/24-luis-gonzalo-gonzalez\/","title":{"rendered":"24 Luis Gonzalo Gonz\u00e1lez"},"content":{"rendered":"<div>24<\/div>\n<div>Autor: Luis Gonzalo Gonz\u00e1lez<\/div>\n<div>T\u00edtulo: <i>El movimiento de la l\u00ednea \u00a0en composici\u00f3n<\/i><\/div>\n<div>Dimensiones: 80 x 60 cm<\/div>\n<div>T\u00e9cnica: Mixta<\/div>\n<div>\n<figure id=\"attachment_1167\" aria-describedby=\"caption-attachment-1167\" style=\"width: 300px\" class=\"wp-caption alignnone\"><img decoding=\"async\" loading=\"lazy\" class=\"size-medium wp-image-1167\" src=\"https:\/\/muvacandalucia.es\/wp-content\/uploads\/2021\/03\/24-Luis-Gonzalo-Gonzalez-300x225.jpg\" alt=\"24 Autor: Luis Gonzalo Gonz\u00e1lez T\u00edtulo: El movimiento de la l\u00ednea \u00a0en composici\u00f3n Dimensiones: 80 x 60 cm T\u00e9cnica: Mixta\" width=\"300\" height=\"225\" srcset=\"https:\/\/muvacandalucia.es\/wp-content\/uploads\/2021\/03\/24-Luis-Gonzalo-Gonzalez-300x225.jpg 300w, https:\/\/muvacandalucia.es\/wp-content\/uploads\/2021\/03\/24-Luis-Gonzalo-Gonzalez-768x576.jpg 768w, https:\/\/muvacandalucia.es\/wp-content\/uploads\/2021\/03\/24-Luis-Gonzalo-Gonzalez.jpg 836w\" sizes=\"(max-width: 300px) 100vw, 300px\" \/><figcaption id=\"caption-attachment-1167\" class=\"wp-caption-text\">24<br \/>Autor: Luis Gonzalo Gonz\u00e1lez<br \/>T\u00edtulo: El movimiento de la l\u00ednea \u00a0en composici\u00f3n<br \/>Dimensiones: 80 x 60 cm<br \/>T\u00e9cnica: Mixta<\/figcaption><\/figure>\n<\/div>\n<div>Relaci\u00f3n con el Profesor<br \/>\nAguilera:<br \/>\n\u201cSeg\u00fan Paul Klee, una simple l\u00ednea tiene que tener personalidad propia\u201d.<br \/>\nFueron sus m\u00e1ximas en el aprendizaje de la figura en<br \/>\nmovimiento.<\/div>\n<div><\/div>\n<div>Luis Gonzalo Gonz\u00e1lez<br \/>\nDoctor en BB.AA.<br \/>\nCatedr\u00e1tico de Dibujo.<br \/>\nDoctor en Ciencias de la Salud.<\/div>\n","protected":false},"excerpt":{"rendered":"<p>24 Autor: Luis Gonzalo Gonz\u00e1lez T\u00edtulo: El movimiento de la l\u00ednea \u00a0en composici\u00f3n Dimensiones: 80 x 60 cm T\u00e9cnica: Mixta Relaci\u00f3n con el Profesor Aguilera: \u201cSeg\u00fan Paul Klee, una simple&hellip;<\/p>\n","protected":false},"author":1,"featured_media":0,"comment_status":"open","ping_status":"open","sticky":false,"template":"","format":"standard","meta":[],"categories":[234,225],"tags":[235,90,14,226,230,162],"jetpack_featured_media_url":"","_links":{"self":[{"href":"https:\/\/muvacandalucia.es\/index.php\/wp-json\/wp\/v2\/posts\/816"}],"collection":[{"href":"https:\/\/muvacandalucia.es\/index.php\/wp-json\/wp\/v2\/posts"}],"about":[{"href":"https:\/\/muvacandalucia.es\/index.php\/wp-json\/wp\/v2\/types\/post"}],"author":[{"embeddable":true,"href":"https:\/\/muvacandalucia.es\/index.php\/wp-json\/wp\/v2\/users\/1"}],"replies":[{"embeddable":true,"href":"https:\/\/muvacandalucia.es\/index.php\/wp-json\/wp\/v2\/comments?post=816"}],"version-history":[{"count":3,"href":"https:\/\/muvacandalucia.es\/index.php\/wp-json\/wp\/v2\/posts\/816\/revisions"}],"predecessor-version":[{"id":1168,"href":"https:\/\/muvacandalucia.es\/index.php\/wp-json\/wp\/v2\/posts\/816\/revisions\/1168"}],"wp:attachment":[{"href":"https:\/\/muvacandalucia.es\/index.php\/wp-json\/wp\/v2\/media?parent=816"}],"wp:term":[{"taxonomy":"category","embeddable":true,"href":"https:\/\/muvacandalucia.es\/index.php\/wp-json\/wp\/v2\/categories?post=816"},{"taxonomy":"post_tag","embeddable":true,"href":"https:\/\/muvacandalucia.es\/index.php\/wp-json\/wp\/v2\/tags?post=816"}],"curies":[{"name":"wp","href":"https:\/\/api.w.org\/{rel}","templated":true}]}}