{"id":812,"date":"2021-03-15T05:10:53","date_gmt":"2021-03-15T05:10:53","guid":{"rendered":"https:\/\/muvaclinares.es\/?p=812"},"modified":"2021-03-28T05:32:35","modified_gmt":"2021-03-28T05:32:35","slug":"22-juan-jose-gomez-de-la-torre","status":"publish","type":"post","link":"https:\/\/muvacandalucia.es\/index.php\/2021\/03\/15\/22-juan-jose-gomez-de-la-torre\/","title":{"rendered":"22 Juan Jose G\u00f3mez de la Torre"},"content":{"rendered":"<div>22<\/div>\n<div>Autor: Juan Jose G\u00f3mez de la Torre<\/div>\n<div>T\u00edtulo: P<i>aisaje de Alcal\u00e1<\/i><\/div>\n<div>Dimensiones: 70 x 50 \u00a0cm<\/div>\n<div>T\u00e9cnica: \u00f3leo sobre cart\u00f3n<\/div>\n<div>\n<figure id=\"attachment_1173\" aria-describedby=\"caption-attachment-1173\" style=\"width: 217px\" class=\"wp-caption alignnone\"><img decoding=\"async\" loading=\"lazy\" class=\"size-medium wp-image-1173\" src=\"https:\/\/muvacandalucia.es\/wp-content\/uploads\/2021\/03\/22-Juan-Jose-Gomez-de-la-Torre-217x300.jpg\" alt=\"22 Autor: Juan Jose G\u00f3mez de la Torre T\u00edtulo: Paisaje de Alcal\u00e1 Dimensiones: 70 x 50 \u00a0cm T\u00e9cnica: \u00f3leo sobre cart\u00f3n\" width=\"217\" height=\"300\" srcset=\"https:\/\/muvacandalucia.es\/wp-content\/uploads\/2021\/03\/22-Juan-Jose-Gomez-de-la-Torre-217x300.jpg 217w, https:\/\/muvacandalucia.es\/wp-content\/uploads\/2021\/03\/22-Juan-Jose-Gomez-de-la-Torre.jpg 538w\" sizes=\"(max-width: 217px) 100vw, 217px\" \/><figcaption id=\"caption-attachment-1173\" class=\"wp-caption-text\">22<br \/>Autor: Juan Jose G\u00f3mez de la Torre<br \/>T\u00edtulo: Paisaje de Alcal\u00e1<br \/>Dimensiones: 70 x 50 \u00a0cm<br \/>T\u00e9cnica: \u00f3leo sobre cart\u00f3n<\/figcaption><\/figure>\n<\/div>\n<p>Mi vinculaci\u00f3n con D. Miguel es que fui alumno suyo en los<br \/>\ncursos 1980-81 y 81-82, ya que me aport\u00f3 unos conocimientos y una<br \/>\ndisciplina en la creaci\u00f3n pict\u00f3rica que me han sido de gran validez a lo largo de los a\u00f1os, por lo tanto s\u00f3lo tengo palabras de agradecimiento.<\/p>\n<p>Juan Jos\u00e9 G\u00f3mez de la Torre<br \/>\nProfesor del Departamento de Dibujo, F. Bellas Artes.<\/p>\n","protected":false},"excerpt":{"rendered":"<p>22 Autor: Juan Jose G\u00f3mez de la Torre T\u00edtulo: Paisaje de Alcal\u00e1 Dimensiones: 70 x 50 \u00a0cm T\u00e9cnica: \u00f3leo sobre cart\u00f3n Mi vinculaci\u00f3n con D. Miguel es que fui alumno&hellip;<\/p>\n","protected":false},"author":1,"featured_media":0,"comment_status":"open","ping_status":"open","sticky":false,"template":"","format":"standard","meta":[],"categories":[234,225],"tags":[235,90,246,14,226,230,162],"jetpack_featured_media_url":"","_links":{"self":[{"href":"https:\/\/muvacandalucia.es\/index.php\/wp-json\/wp\/v2\/posts\/812"}],"collection":[{"href":"https:\/\/muvacandalucia.es\/index.php\/wp-json\/wp\/v2\/posts"}],"about":[{"href":"https:\/\/muvacandalucia.es\/index.php\/wp-json\/wp\/v2\/types\/post"}],"author":[{"embeddable":true,"href":"https:\/\/muvacandalucia.es\/index.php\/wp-json\/wp\/v2\/users\/1"}],"replies":[{"embeddable":true,"href":"https:\/\/muvacandalucia.es\/index.php\/wp-json\/wp\/v2\/comments?post=812"}],"version-history":[{"count":3,"href":"https:\/\/muvacandalucia.es\/index.php\/wp-json\/wp\/v2\/posts\/812\/revisions"}],"predecessor-version":[{"id":1174,"href":"https:\/\/muvacandalucia.es\/index.php\/wp-json\/wp\/v2\/posts\/812\/revisions\/1174"}],"wp:attachment":[{"href":"https:\/\/muvacandalucia.es\/index.php\/wp-json\/wp\/v2\/media?parent=812"}],"wp:term":[{"taxonomy":"category","embeddable":true,"href":"https:\/\/muvacandalucia.es\/index.php\/wp-json\/wp\/v2\/categories?post=812"},{"taxonomy":"post_tag","embeddable":true,"href":"https:\/\/muvacandalucia.es\/index.php\/wp-json\/wp\/v2\/tags?post=812"}],"curies":[{"name":"wp","href":"https:\/\/api.w.org\/{rel}","templated":true}]}}