{"id":810,"date":"2021-03-15T05:09:12","date_gmt":"2021-03-15T05:09:12","guid":{"rendered":"https:\/\/muvaclinares.es\/?p=810"},"modified":"2021-03-28T05:36:39","modified_gmt":"2021-03-28T05:36:39","slug":"21-jose-maria-garcia-rey","status":"publish","type":"post","link":"https:\/\/muvacandalucia.es\/index.php\/2021\/03\/15\/21-jose-maria-garcia-rey\/","title":{"rendered":"21 Jos\u00e9 Mar\u00eda Garc\u00eda Rey"},"content":{"rendered":"<figure id=\"attachment_1176\" aria-describedby=\"caption-attachment-1176\" style=\"width: 196px\" class=\"wp-caption alignnone\"><img decoding=\"async\" loading=\"lazy\" class=\"size-medium wp-image-1176\" src=\"https:\/\/muvacandalucia.es\/wp-content\/uploads\/2021\/03\/21-Jose-Ma-Garcia-Rey-196x300.jpg\" alt=\"21 Autor: Jos\u00e9 Mar\u00eda Garc\u00eda Rey T\u00edtulo: Gratitud Dimensiones: 70 x 50 \u00a0cm T\u00e9cnica: Carb\u00f3n sobre papel gris\" width=\"196\" height=\"300\" srcset=\"https:\/\/muvacandalucia.es\/wp-content\/uploads\/2021\/03\/21-Jose-Ma-Garcia-Rey-196x300.jpg 196w, https:\/\/muvacandalucia.es\/wp-content\/uploads\/2021\/03\/21-Jose-Ma-Garcia-Rey.jpg 490w\" sizes=\"(max-width: 196px) 100vw, 196px\" \/><figcaption id=\"caption-attachment-1176\" class=\"wp-caption-text\">21<br \/>Autor: Jos\u00e9 Mar\u00eda Garc\u00eda Rey<br \/>T\u00edtulo: Gratitud<br \/>Dimensiones: 70 x 50 \u00a0cm<br \/>T\u00e9cnica: Carb\u00f3n sobre papel gris<\/figcaption><\/figure>\n<p>Jos\u00e9 M\u00aa Garc\u00eda Rey<br \/>\nProfesor de Educaci\u00f3n Secundaria en el Puerto de Santa Mar\u00eda, en Palma del R\u00edo (C\u00f3rdoba) y fi nalmente en Lora del R\u00edo (Sevilla).<\/p>\n<div><\/div>\n<div><\/div>\n<div><\/div>\n","protected":false},"excerpt":{"rendered":"<p>Jos\u00e9 M\u00aa Garc\u00eda Rey Profesor de Educaci\u00f3n Secundaria en el Puerto de Santa Mar\u00eda, en Palma del R\u00edo (C\u00f3rdoba) y fi nalmente en Lora del R\u00edo (Sevilla).<\/p>\n","protected":false},"author":1,"featured_media":0,"comment_status":"open","ping_status":"open","sticky":false,"template":"","format":"standard","meta":[],"categories":[234,225],"tags":[235,90,247,14,226,237,230,162],"jetpack_featured_media_url":"","_links":{"self":[{"href":"https:\/\/muvacandalucia.es\/index.php\/wp-json\/wp\/v2\/posts\/810"}],"collection":[{"href":"https:\/\/muvacandalucia.es\/index.php\/wp-json\/wp\/v2\/posts"}],"about":[{"href":"https:\/\/muvacandalucia.es\/index.php\/wp-json\/wp\/v2\/types\/post"}],"author":[{"embeddable":true,"href":"https:\/\/muvacandalucia.es\/index.php\/wp-json\/wp\/v2\/users\/1"}],"replies":[{"embeddable":true,"href":"https:\/\/muvacandalucia.es\/index.php\/wp-json\/wp\/v2\/comments?post=810"}],"version-history":[{"count":3,"href":"https:\/\/muvacandalucia.es\/index.php\/wp-json\/wp\/v2\/posts\/810\/revisions"}],"predecessor-version":[{"id":1177,"href":"https:\/\/muvacandalucia.es\/index.php\/wp-json\/wp\/v2\/posts\/810\/revisions\/1177"}],"wp:attachment":[{"href":"https:\/\/muvacandalucia.es\/index.php\/wp-json\/wp\/v2\/media?parent=810"}],"wp:term":[{"taxonomy":"category","embeddable":true,"href":"https:\/\/muvacandalucia.es\/index.php\/wp-json\/wp\/v2\/categories?post=810"},{"taxonomy":"post_tag","embeddable":true,"href":"https:\/\/muvacandalucia.es\/index.php\/wp-json\/wp\/v2\/tags?post=810"}],"curies":[{"name":"wp","href":"https:\/\/api.w.org\/{rel}","templated":true}]}}