{"id":805,"date":"2021-03-15T05:02:00","date_gmt":"2021-03-15T05:02:00","guid":{"rendered":"https:\/\/muvaclinares.es\/?p=805"},"modified":"2021-03-28T05:47:25","modified_gmt":"2021-03-28T05:47:25","slug":"19-maria-jose-dominguez-parreno","status":"publish","type":"post","link":"https:\/\/muvacandalucia.es\/index.php\/2021\/03\/15\/19-maria-jose-dominguez-parreno\/","title":{"rendered":"19. Mar\u00eda Jos\u00e9 Dom\u00ednguez Parre\u00f1o"},"content":{"rendered":"<div><span style=\"color: #808080;\">19.<\/span><\/div>\n<div><span style=\"color: #808080;\">Autora: Mar\u00eda Jos\u00e9 Dom\u00ednguez Parre\u00f1o<\/span><\/div>\n<div><span style=\"color: #808080;\">T\u00edtulo: <i>La Diosa del Lucero. Tesorillo de Sanl\u00facar<\/i><\/span><\/div>\n<div><span style=\"color: #808080;\">Dimensiones: 70 x 50 \u00a0cm<\/span><\/div>\n<div><span style=\"color: #808080;\">T\u00e9cnica: Carb\u00f3n y grafito sobre papel<\/span><\/div>\n<div><\/div>\n<div><\/div>\n<div><\/div>\n<div>\n<figure id=\"attachment_1182\" aria-describedby=\"caption-attachment-1182\" style=\"width: 187px\" class=\"wp-caption alignnone\"><img decoding=\"async\" loading=\"lazy\" class=\"size-medium wp-image-1182\" src=\"https:\/\/muvacandalucia.es\/wp-content\/uploads\/2021\/03\/12-Dominguez-Parreno-187x300.jpg\" alt=\"19. Autora: Mar\u00eda Jos\u00e9 Dom\u00ednguez Parre\u00f1o T\u00edtulo: La Diosa del Lucero. Tesorillo de Sanl\u00facar Dimensiones: 70 x 50 \u00a0cm T\u00e9cnica: Carb\u00f3n y grafito sobre papel\" width=\"187\" height=\"300\" srcset=\"https:\/\/muvacandalucia.es\/wp-content\/uploads\/2021\/03\/12-Dominguez-Parreno-187x300.jpg 187w, https:\/\/muvacandalucia.es\/wp-content\/uploads\/2021\/03\/12-Dominguez-Parreno.jpg 512w\" sizes=\"(max-width: 187px) 100vw, 187px\" \/><figcaption id=\"caption-attachment-1182\" class=\"wp-caption-text\"><\/span> <span style=\"color: #808080;\">19.<\/span><br \/><span style=\"color: #808080;\">Autora: Mar\u00eda Jos\u00e9 Dom\u00ednguez Parre\u00f1o<\/span><br \/><span style=\"color: #808080;\">T\u00edtulo: La Diosa del Lucero. Tesorillo de Sanl\u00facar<\/span><br \/><span style=\"color: #808080;\">Dimensiones: 70 x 50 \u00a0cm<\/span><br \/><span style=\"color: #808080;\">T\u00e9cnica: Carb\u00f3n y grafito sobre papel<\/span><\/figcaption><\/figure>\n<\/div>\n<p><span style=\"color: #808080;\">Durante el curso 81\/82 del siglo pasado, un grupo de estudiantes de 3\u00ba de Bellas Artes le organizamos a Don Miguel una exposici\u00f3n antol\u00f3gica. Con el apoyo de la delegaci\u00f3n de cultura del Ayuntamiento de Sevilla, esta exposici\u00f3n tuvo lugar en la sala municipal de exposiciones de<\/span><br \/>\n<span style=\"color: #808080;\">los Reales Alc\u00e1zares, en mayo de 1982.<\/span><br \/>\n<span style=\"color: #808080;\">Ese mismo curso fuimos a Par\u00eds en viaje de paso del ecuador y se nos ocurri\u00f3 llevarnos un cuadro suyo con la intenci\u00f3n de don\u00e1rselo al mism\u00edsimo Centro Pompidou. Fran\u00e7oise Gontard, una compa\u00f1era, llevaba un clavo enorme que se encontr\u00f3, para colgar el cuadro. El cuadro vino de vuelta, pero a Don Miguel lo recibieron en el museo, le hicieron una ficha y se quedaron con el cartel de la exposici\u00f3n antol\u00f3gica. Con lo que \u00e9l y Salud, que tambi\u00e9n vino, y todos nosotros, volvimos a Sevilla muy emocionados.<\/span><\/p>\n<p><span style=\"color: #808080;\">M\u00aa Jos\u00e9 Dom\u00ednguez Parre\u00f1o.<\/span><br \/>\n<span style=\"color: #808080;\">Alumna de Don Miguel en la promoci\u00f3n del<\/span><br \/>\n<span style=\"color: #808080;\">79\/84 y desde 1985 profesora de Dise\u00f1o y Artes Pl\u00e1sticas<\/span><br \/>\n<span style=\"color: #808080;\">\u201cLa diosa del Lucero, Tesorillo de Sanl\u00facar\u201d<\/span><br \/>\n<span style=\"color: #808080;\">Carboncillo y tiza sobre papel.<\/span><\/p>\n","protected":false},"excerpt":{"rendered":"<p>19. Autora: Mar\u00eda Jos\u00e9 Dom\u00ednguez Parre\u00f1o T\u00edtulo: La Diosa del Lucero. Tesorillo de Sanl\u00facar Dimensiones: 70 x 50 \u00a0cm T\u00e9cnica: Carb\u00f3n y grafito sobre papel Durante el curso 81\/82 del&hellip;<\/p>\n","protected":false},"author":1,"featured_media":0,"comment_status":"open","ping_status":"open","sticky":false,"template":"","format":"standard","meta":[],"categories":[234,225],"tags":[235,90,14,226,237,249,230,162],"jetpack_featured_media_url":"","_links":{"self":[{"href":"https:\/\/muvacandalucia.es\/index.php\/wp-json\/wp\/v2\/posts\/805"}],"collection":[{"href":"https:\/\/muvacandalucia.es\/index.php\/wp-json\/wp\/v2\/posts"}],"about":[{"href":"https:\/\/muvacandalucia.es\/index.php\/wp-json\/wp\/v2\/types\/post"}],"author":[{"embeddable":true,"href":"https:\/\/muvacandalucia.es\/index.php\/wp-json\/wp\/v2\/users\/1"}],"replies":[{"embeddable":true,"href":"https:\/\/muvacandalucia.es\/index.php\/wp-json\/wp\/v2\/comments?post=805"}],"version-history":[{"count":3,"href":"https:\/\/muvacandalucia.es\/index.php\/wp-json\/wp\/v2\/posts\/805\/revisions"}],"predecessor-version":[{"id":1183,"href":"https:\/\/muvacandalucia.es\/index.php\/wp-json\/wp\/v2\/posts\/805\/revisions\/1183"}],"wp:attachment":[{"href":"https:\/\/muvacandalucia.es\/index.php\/wp-json\/wp\/v2\/media?parent=805"}],"wp:term":[{"taxonomy":"category","embeddable":true,"href":"https:\/\/muvacandalucia.es\/index.php\/wp-json\/wp\/v2\/categories?post=805"},{"taxonomy":"post_tag","embeddable":true,"href":"https:\/\/muvacandalucia.es\/index.php\/wp-json\/wp\/v2\/tags?post=805"}],"curies":[{"name":"wp","href":"https:\/\/api.w.org\/{rel}","templated":true}]}}