{"id":795,"date":"2021-03-15T04:53:44","date_gmt":"2021-03-15T04:53:44","guid":{"rendered":"https:\/\/muvaclinares.es\/?p=795"},"modified":"2021-03-29T05:26:43","modified_gmt":"2021-03-29T05:26:43","slug":"14-jesus-conde","status":"publish","type":"post","link":"https:\/\/muvacandalucia.es\/index.php\/2021\/03\/15\/14-jesus-conde\/","title":{"rendered":"14 Jes\u00fas Conde"},"content":{"rendered":"<div>14<\/div>\n<div>Autor: Jes\u00fas Conde<\/div>\n<div>T\u00edtulo: <i>Tetouan<\/i><\/div>\n<div>Dimensiones: \u00a050&#215;70 cm<\/div>\n<div>T\u00e9cnica: \u00a0Dibujo digital sobre papel<\/div>\n<div>\n<figure id=\"attachment_1239\" aria-describedby=\"caption-attachment-1239\" style=\"width: 200px\" class=\"wp-caption alignnone\"><img decoding=\"async\" loading=\"lazy\" class=\"size-medium wp-image-1239\" src=\"https:\/\/muvacandalucia.es\/wp-content\/uploads\/2021\/03\/14-Jesus-Conde-200x300.jpg\" alt=\"14 Autor: Jes\u00fas Conde T\u00edtulo: Tetouan Dimensiones: \u00a050x70 cm T\u00e9cnica: \u00a0Dibujo digital sobre papel\" width=\"200\" height=\"300\" srcset=\"https:\/\/muvacandalucia.es\/wp-content\/uploads\/2021\/03\/14-Jesus-Conde-200x300.jpg 200w, https:\/\/muvacandalucia.es\/wp-content\/uploads\/2021\/03\/14-Jesus-Conde.jpg 496w\" sizes=\"(max-width: 200px) 100vw, 200px\" \/><figcaption id=\"caption-attachment-1239\" class=\"wp-caption-text\">14<br \/>Autor: Jes\u00fas Conde<br \/>T\u00edtulo: Tetouan<br \/>Dimensiones: \u00a050&#215;70 cm<br \/>T\u00e9cnica: \u00a0Dibujo digital sobre papel<\/figcaption><\/figure>\n<\/div>\n<div>Cada curso y cada d\u00eda de clase, en el af\u00e1n de tratar de compartir los conocimientos de dibujos con los alumnos matriculados en la facultad de Bellas Artes de Granada, me viene el ambiente y el aroma de las clases que impart\u00eda Don<br \/>\nMiguel P\u00e9rez Aguilera en Sevilla. Pero de todo aquel a\u00f1o de 1973, lo que m\u00e1s recuerdo es la m\u00fasica de su ense\u00f1anza; digo m\u00fasica a los golpes que d\u00e1bamos los alumnos con el carb\u00f3n en el tablero, en el silencio de la clase ese repiqueteo<br \/>\nque a veces era r\u00edtmico y otras veces desacompasado es la banda sonora que ahora escucho en mis j\u00f3venes alumnos.<\/div>\n<div style=\"text-align: right;\">Jes\u00fas Conde Doctor y Profesor Titular Universitario de la Facultad de Bellas Artes \u201cAlonso Cano\u201d de la Universidad de Granada, Acad\u00e9mico de Bellas Artes de Nuestra Se\u00f1ora de las Angustias de Granada, Acad\u00e9mico correspondiente de la Real Academia de Bellas Artes de Antequera (M\u00e1laga), Asesor y colaborador del Legado Andalus\u00ed y miembro de la Fundaci\u00f3n Cultural de Archidona (M\u00e1laga).<\/div>\n","protected":false},"excerpt":{"rendered":"<p>14 Autor: Jes\u00fas Conde T\u00edtulo: Tetouan Dimensiones: \u00a050&#215;70 cm T\u00e9cnica: \u00a0Dibujo digital sobre papel Cada curso y cada d\u00eda de clase, en el af\u00e1n de tratar de compartir los conocimientos&hellip;<\/p>\n","protected":false},"author":1,"featured_media":0,"comment_status":"open","ping_status":"open","sticky":false,"template":"","format":"standard","meta":[],"categories":[234,225],"tags":[235,90,255,14,226,230,162],"jetpack_featured_media_url":"","_links":{"self":[{"href":"https:\/\/muvacandalucia.es\/index.php\/wp-json\/wp\/v2\/posts\/795"}],"collection":[{"href":"https:\/\/muvacandalucia.es\/index.php\/wp-json\/wp\/v2\/posts"}],"about":[{"href":"https:\/\/muvacandalucia.es\/index.php\/wp-json\/wp\/v2\/types\/post"}],"author":[{"embeddable":true,"href":"https:\/\/muvacandalucia.es\/index.php\/wp-json\/wp\/v2\/users\/1"}],"replies":[{"embeddable":true,"href":"https:\/\/muvacandalucia.es\/index.php\/wp-json\/wp\/v2\/comments?post=795"}],"version-history":[{"count":4,"href":"https:\/\/muvacandalucia.es\/index.php\/wp-json\/wp\/v2\/posts\/795\/revisions"}],"predecessor-version":[{"id":1240,"href":"https:\/\/muvacandalucia.es\/index.php\/wp-json\/wp\/v2\/posts\/795\/revisions\/1240"}],"wp:attachment":[{"href":"https:\/\/muvacandalucia.es\/index.php\/wp-json\/wp\/v2\/media?parent=795"}],"wp:term":[{"taxonomy":"category","embeddable":true,"href":"https:\/\/muvacandalucia.es\/index.php\/wp-json\/wp\/v2\/categories?post=795"},{"taxonomy":"post_tag","embeddable":true,"href":"https:\/\/muvacandalucia.es\/index.php\/wp-json\/wp\/v2\/tags?post=795"}],"curies":[{"name":"wp","href":"https:\/\/api.w.org\/{rel}","templated":true}]}}