{"id":793,"date":"2021-03-15T04:51:59","date_gmt":"2021-03-15T04:51:59","guid":{"rendered":"https:\/\/muvaclinares.es\/?p=793"},"modified":"2021-03-29T05:35:00","modified_gmt":"2021-03-29T05:35:00","slug":"13-alfonso-cintado-2","status":"publish","type":"post","link":"https:\/\/muvacandalucia.es\/index.php\/2021\/03\/15\/13-alfonso-cintado-2\/","title":{"rendered":"13. Alfonso Cintado"},"content":{"rendered":"<div>13.<\/div>\n<div>Autor: Alfonso Cintado<\/div>\n<div>T\u00edtulo: <i>Pas de deux, 2019<\/i><\/div>\n<div>Dimensiones: \u00a02 piezas de 45 \u00a0x 32 cm<\/div>\n<div>T\u00e9cnica: cray\u00f3n blanco y negro \u00a0en impresi\u00f3n fotogr\u00e1fica<\/div>\n<div><\/div>\n<div>\n<figure id=\"attachment_1244\" aria-describedby=\"caption-attachment-1244\" style=\"width: 300px\" class=\"wp-caption alignnone\"><img decoding=\"async\" loading=\"lazy\" class=\"size-medium wp-image-1244\" src=\"https:\/\/muvacandalucia.es\/wp-content\/uploads\/2021\/03\/13-Alfonso-Cintado-300x204.jpg\" alt=\"13. Autor: Alfonso Cintado T\u00edtulo: Pas de deux, 2019 Dimensiones: \u00a02 piezas de 45 \u00a0x 32 cm T\u00e9cnica: cray\u00f3n blanco y negro \u00a0en impresi\u00f3n fotogr\u00e1fica\" width=\"300\" height=\"204\" srcset=\"https:\/\/muvacandalucia.es\/wp-content\/uploads\/2021\/03\/13-Alfonso-Cintado-300x204.jpg 300w, https:\/\/muvacandalucia.es\/wp-content\/uploads\/2021\/03\/13-Alfonso-Cintado.jpg 747w\" sizes=\"(max-width: 300px) 100vw, 300px\" \/><figcaption id=\"caption-attachment-1244\" class=\"wp-caption-text\">13.<br \/>Autor: Alfonso Cintado<br \/>T\u00edtulo: Pas de deux, 2019<br \/>Dimensiones: \u00a02 piezas de 45 \u00a0x 32 cm<br \/>T\u00e9cnica: cray\u00f3n blanco y negro \u00a0en impresi\u00f3n fotogr\u00e1fica<\/figcaption><\/figure>\n<\/div>\n<div><em>Cronograf\u00eda: Rebotando entre Maestros<\/em><\/div>\n<div><\/div>\n<div><strong>A\u00f1o 1993<\/strong>. Facultad de BBAA. de Sevilla. El ya em\u00e9rito Don Miguel, cual Zeus Tonante avanza entre caballetes con su abrigo de pa\u00f1o, lanzando a\u00fan vigorosos mandobles de carboncillo en marciales correcciones. \u201cUn dibujo expresionista\u201d se llamaba el curso de doctorado. Asisto al mito: P\u00e9rez Aguilera ense\u00f1ando. Apunto mentalmente maneras, inflexiones, pasos de coreograf\u00eda did\u00e1ctica.<br \/>\nA\u00f1o 1994: Cursos de verano de la Complutense. San Lorenzo del Escorial. Entre botes de pintura, brochas y papelotes, otra voz tonante me interpela: \u201c\u00bfQu\u00e9 tal por Sevilla? \u00bfY Don Miguel, sigue all\u00ed?\u201d. Es Luis Gordillo, que comparte timbre y prognatismo mandibular con el catedr\u00e1tico em\u00e9rito. Y me cuenta su experiencia y su reconocimiento hacia Don Miguel, mientras toma interesado mi libretilla de<br \/>\napuntes y deja a un lado distra\u00eddo mis amagos con la brocha torpe sobre raqu\u00edticas cartulinas. -\u201cAqu\u00ed est\u00e1 el germen de todo, aqu\u00ed tienes un tesoro\u201d. As\u00ed que yo, ni tonante ni progn\u00e1tico, de un Maestro a otro, rebotando como bola de futbol\u00edn, recibo solemne el Sacramento de la Unci\u00f3n Did\u00e1ctica. -\u201cAtr\u00e9vete, co\u00f1o\u201d. Y se va. No con abrigo de pa\u00f1o, sino en camiseta y vaqueros. En su figura a\u00fan imponente reconozco la estirpe aguileriana.<br \/>\n<strong>A\u00f1o 2000.<\/strong> Una Galer\u00eda en Sevilla. Otro rebote con carambola.<br \/>\nJos\u00e9 Luis Mauri -clase, categor\u00eda y elegancia encarnada en<br \/>\nprofesor- me introduce al Maestro. Compartimos exposici\u00f3n colectiva e inconformismo gru\u00f1\u00f3n.<br \/>\n<strong>A\u00f1o 2006<\/strong>. Escuela de Arte de \u00dabeda. Vengo trist\u00f3n y neobarroco de ver una retrospectiva de D. Miguel en el Hospital de Santiago.<br \/>\nHace dos a\u00f1os ya que entreg\u00f3 la paleta. Ahora soy yo el que se abre paso entre caballetes, recordando aquella coreograf\u00eda did\u00e1ctica.<br \/>\nComo orondas mamuschkas, hay un profesor dentro de<br \/>\notro. \u00bfY yo?, \u00bfHabr\u00e1 un alien did\u00e1ctico dentro de m\u00ed? \u00bfO ser\u00e9 la mamuschka chiquitita &#8211; esa maciza y tan mal pintada-, sin nada ya dentro?<br \/>\nDubito ergo sum.<br \/>\nLas huellas que nos dejan, las huellas que dejamos, son<br \/>\ntrazos de carb\u00f3n bien fi jados con la laca et\u00e9rea de la memoria.<\/div>\n<div><\/div>\n<div style=\"text-align: right;\">Alfonso Cintado<br \/>\nProfesor Escuela de Arte<\/div>\n","protected":false},"excerpt":{"rendered":"<p>13. Autor: Alfonso Cintado T\u00edtulo: Pas de deux, 2019 Dimensiones: \u00a02 piezas de 45 \u00a0x 32 cm T\u00e9cnica: cray\u00f3n blanco y negro \u00a0en impresi\u00f3n fotogr\u00e1fica Cronograf\u00eda: Rebotando entre Maestros A\u00f1o&hellip;<\/p>\n","protected":false},"author":1,"featured_media":0,"comment_status":"open","ping_status":"open","sticky":false,"template":"","format":"standard","meta":[],"categories":[234,225],"tags":[256,235,90,14,226,230,162],"jetpack_featured_media_url":"","_links":{"self":[{"href":"https:\/\/muvacandalucia.es\/index.php\/wp-json\/wp\/v2\/posts\/793"}],"collection":[{"href":"https:\/\/muvacandalucia.es\/index.php\/wp-json\/wp\/v2\/posts"}],"about":[{"href":"https:\/\/muvacandalucia.es\/index.php\/wp-json\/wp\/v2\/types\/post"}],"author":[{"embeddable":true,"href":"https:\/\/muvacandalucia.es\/index.php\/wp-json\/wp\/v2\/users\/1"}],"replies":[{"embeddable":true,"href":"https:\/\/muvacandalucia.es\/index.php\/wp-json\/wp\/v2\/comments?post=793"}],"version-history":[{"count":4,"href":"https:\/\/muvacandalucia.es\/index.php\/wp-json\/wp\/v2\/posts\/793\/revisions"}],"predecessor-version":[{"id":1245,"href":"https:\/\/muvacandalucia.es\/index.php\/wp-json\/wp\/v2\/posts\/793\/revisions\/1245"}],"wp:attachment":[{"href":"https:\/\/muvacandalucia.es\/index.php\/wp-json\/wp\/v2\/media?parent=793"}],"wp:term":[{"taxonomy":"category","embeddable":true,"href":"https:\/\/muvacandalucia.es\/index.php\/wp-json\/wp\/v2\/categories?post=793"},{"taxonomy":"post_tag","embeddable":true,"href":"https:\/\/muvacandalucia.es\/index.php\/wp-json\/wp\/v2\/tags?post=793"}],"curies":[{"name":"wp","href":"https:\/\/api.w.org\/{rel}","templated":true}]}}