{"id":744,"date":"2021-03-14T06:48:07","date_gmt":"2021-03-14T06:48:07","guid":{"rendered":"https:\/\/muvaclinares.es\/?p=744"},"modified":"2021-03-29T05:55:54","modified_gmt":"2021-03-29T05:55:54","slug":"12-rafael-cerda","status":"publish","type":"post","link":"https:\/\/muvacandalucia.es\/index.php\/2021\/03\/14\/12-rafael-cerda\/","title":{"rendered":"12. Rafael Cerd\u00e1"},"content":{"rendered":"<figure id=\"attachment_1247\" aria-describedby=\"caption-attachment-1247\" style=\"width: 218px\" class=\"wp-caption alignnone\"><img decoding=\"async\" loading=\"lazy\" class=\"size-medium wp-image-1247\" src=\"https:\/\/muvacandalucia.es\/wp-content\/uploads\/2021\/03\/12-Rafael-Cerda-218x300.jpg\" alt=\"Autor: Rafael Cerd\u00e1 T\u00edtulo: S\/T Dimensiones: 70 x 50 cm T\u00e9cnica: T\u00e9cnica mixta sobre papel\" width=\"218\" height=\"300\" srcset=\"https:\/\/muvacandalucia.es\/wp-content\/uploads\/2021\/03\/12-Rafael-Cerda-218x300.jpg 218w, https:\/\/muvacandalucia.es\/wp-content\/uploads\/2021\/03\/12-Rafael-Cerda.jpg 535w\" sizes=\"(max-width: 218px) 100vw, 218px\" \/><figcaption id=\"caption-attachment-1247\" class=\"wp-caption-text\">Autor: Rafael Cerd\u00e1<br \/>T\u00edtulo: S\/T<br \/>Dimensiones: 70 x 50 cm<br \/>T\u00e9cnica: T\u00e9cnica mixta sobre papel<\/figcaption><\/figure>\n<p>&nbsp;<\/p>\n<p>Mi relaci\u00f3n con P\u00e9rez Aguilera ha sido, primero como alumno, despu\u00e9s como director de una galer\u00eda, le organic\u00e9 una exposici\u00f3n individual, y como pintor expuse con \u00e9l en varias ocasiones: Durante los cursos 1975-76 y 1976-77 me dio clase de Dibujo del natural en los cursos de 2\u00ba y 3\u00ba de Bellas Artes. Sus ayudantes eran Carmen Laff\u00f3n y Jos\u00e9 Luis Mauri. Para m\u00ed fue el mejor profesor de la carrera.<br \/>\nEn el a\u00f1o 1993 me dio uno de mis cursos del Doctorado. El 17 de diciembre del 1999 se inaugur\u00f3 una exposici\u00f3n en la Galer\u00eda Icaria de Alcal\u00e1 de Guada\u00edra, que yo dirig\u00eda, en la que particip\u00f3 P\u00e9rez Aguilera con dos obras junto a una serie de artistas sevillanos como Pepe Barrag\u00e1n, Javier Buz\u00f3n, F\u00e9lix de C\u00e1rdenas, Carlos Monta\u00f1o, Olegario, Emilio Parrilla Jos\u00e9 M. P\u00e9rez Tapias y yo mismo, entre otros artistas. Al primero que llam\u00e9 fue a P\u00e9rez Aguilera que acept\u00f3 participar y cuando llamaba a los otros artistas todos encantados si estaba \u00e9l.<br \/>\nDel 17 de noviembre al 19 de diciembre del a\u00f1o 2000 le<br \/>\norganic\u00e9 una exposici\u00f3n individual en la Galer\u00eda Icaria y en la Casa de la Cultura de Alcal\u00e1 de Guada\u00edra titulada \u201cMiguel P\u00e9rez Aguilera 2000\u201d. Se hizo un cat\u00e1logo patrocinado por el Ayuntamiento, la Fundaci\u00f3n el Monte y la Galer\u00eda en el que escrib\u00ed como director de la Galer\u00eda Icaria y tambi\u00e9n realic\u00e9 su presentaci\u00f3n a la prensa. Con motivo de esta exposici\u00f3n tuve la oportunidad de ir varias veces a su estudio y de ver la evoluci\u00f3n de una de sus pinturas.<br \/>\nEn el a\u00f1o 2001 expuse con \u00e9l y otros artistas en la Feria<br \/>\nde Arte Sevilla con la Galer\u00eda Icar\u00eda. Desde el a\u00f1o 1999 lo pude ver en bastantes ocasiones y hablar con \u00e9l.<\/p>\n<p>ST. Rafael Cerd\u00e1<br \/>\nMixta sobre papel,<br \/>\nTuve la suerte de ser alumna de P. Aguilera dos cursos:<br \/>\n1980-81 y 1981-82.<\/p>\n","protected":false},"excerpt":{"rendered":"<p>&nbsp; Mi relaci\u00f3n con P\u00e9rez Aguilera ha sido, primero como alumno, despu\u00e9s como director de una galer\u00eda, le organic\u00e9 una exposici\u00f3n individual, y como pintor expuse con \u00e9l en varias&hellip;<\/p>\n","protected":false},"author":1,"featured_media":0,"comment_status":"open","ping_status":"open","sticky":false,"template":"","format":"standard","meta":[],"categories":[234,225],"tags":[235,90,14,226,230,257,162],"jetpack_featured_media_url":"","_links":{"self":[{"href":"https:\/\/muvacandalucia.es\/index.php\/wp-json\/wp\/v2\/posts\/744"}],"collection":[{"href":"https:\/\/muvacandalucia.es\/index.php\/wp-json\/wp\/v2\/posts"}],"about":[{"href":"https:\/\/muvacandalucia.es\/index.php\/wp-json\/wp\/v2\/types\/post"}],"author":[{"embeddable":true,"href":"https:\/\/muvacandalucia.es\/index.php\/wp-json\/wp\/v2\/users\/1"}],"replies":[{"embeddable":true,"href":"https:\/\/muvacandalucia.es\/index.php\/wp-json\/wp\/v2\/comments?post=744"}],"version-history":[{"count":3,"href":"https:\/\/muvacandalucia.es\/index.php\/wp-json\/wp\/v2\/posts\/744\/revisions"}],"predecessor-version":[{"id":1248,"href":"https:\/\/muvacandalucia.es\/index.php\/wp-json\/wp\/v2\/posts\/744\/revisions\/1248"}],"wp:attachment":[{"href":"https:\/\/muvacandalucia.es\/index.php\/wp-json\/wp\/v2\/media?parent=744"}],"wp:term":[{"taxonomy":"category","embeddable":true,"href":"https:\/\/muvacandalucia.es\/index.php\/wp-json\/wp\/v2\/categories?post=744"},{"taxonomy":"post_tag","embeddable":true,"href":"https:\/\/muvacandalucia.es\/index.php\/wp-json\/wp\/v2\/tags?post=744"}],"curies":[{"name":"wp","href":"https:\/\/api.w.org\/{rel}","templated":true}]}}