{"id":742,"date":"2021-03-14T06:46:54","date_gmt":"2021-03-14T06:46:54","guid":{"rendered":"https:\/\/muvaclinares.es\/?p=742"},"modified":"2021-03-29T06:00:10","modified_gmt":"2021-03-29T06:00:10","slug":"11-benjamin-castillo-barragan","status":"publish","type":"post","link":"https:\/\/muvacandalucia.es\/index.php\/2021\/03\/14\/11-benjamin-castillo-barragan\/","title":{"rendered":"11 Benjam\u00edn Castillo Barrag\u00e1n"},"content":{"rendered":"<div>Autor: Benjam\u00edn Castillo Barrag\u00e1n<\/div>\n<div>T\u00edtulo: <i>Eva en Tarifa<\/i><\/div>\n<div>Dimensiones: \u00a070 \u00a0x 50 cm<\/div>\n<div>T\u00e9cnica: T\u00e9cnica mixta sobre papel<\/div>\n<div>\n<figure id=\"attachment_1250\" aria-describedby=\"caption-attachment-1250\" style=\"width: 214px\" class=\"wp-caption alignnone\"><img decoding=\"async\" loading=\"lazy\" class=\"size-medium wp-image-1250\" src=\"https:\/\/muvacandalucia.es\/wp-content\/uploads\/2021\/03\/11-Benjamin-Castillo-Barragan-214x300.jpg\" alt=\"Autor: Benjam\u00edn Castillo Barrag\u00e1n T\u00edtulo: Eva en Tarifa Dimensiones: \u00a070 \u00a0x 50 cm T\u00e9cnica: T\u00e9cnica mixta sobre papel\" width=\"214\" height=\"300\" srcset=\"https:\/\/muvacandalucia.es\/wp-content\/uploads\/2021\/03\/11-Benjamin-Castillo-Barragan-214x300.jpg 214w, https:\/\/muvacandalucia.es\/wp-content\/uploads\/2021\/03\/11-Benjamin-Castillo-Barragan.jpg 558w\" sizes=\"(max-width: 214px) 100vw, 214px\" \/><figcaption id=\"caption-attachment-1250\" class=\"wp-caption-text\">Autor: Benjam\u00edn Castillo Barrag\u00e1n<br \/>T\u00edtulo: Eva en Tarifa<br \/>Dimensiones: \u00a070 \u00a0x 50 cm<br \/>T\u00e9cnica: T\u00e9cnica mixta sobre papel<\/figcaption><\/figure>\n<\/div>\n<div><\/div>\n<div>Justo en lo que llaman el balc\u00f3n de la carrera. Bellas Artes reci\u00e9n terminada y deb\u00eda escoger uno de los cursos de doctorado del programa de 1991. Y all\u00ed estaba. Uno ofertado por D. Miguel P\u00e9rez Aguilera. Recuerdo sus indicaciones sobre mis pr\u00e1cticas, la l\u00ednea pura que contiene todo: no s\u00f3lo el contorno sino la expresi\u00f3n y el volumen. Precisi\u00f3n y<br \/>\nbelleza. Su conversaci\u00f3n. A\u00fan me son \u00fatiles.<\/div>\n<div style=\"text-align: right;\">\nBenjam\u00edn Castillo Barrag\u00e1n.<br \/>\nProfesor de Dibujo Art\u00edstico y Color en<br \/>\nEscuelas de Arte<br \/>\nDoctor en Bellas Artes<\/div>\n","protected":false},"excerpt":{"rendered":"<p>Autor: Benjam\u00edn Castillo Barrag\u00e1n T\u00edtulo: Eva en Tarifa Dimensiones: \u00a070 \u00a0x 50 cm T\u00e9cnica: T\u00e9cnica mixta sobre papel Justo en lo que llaman el balc\u00f3n de la carrera. Bellas Artes&hellip;<\/p>\n","protected":false},"author":1,"featured_media":0,"comment_status":"open","ping_status":"open","sticky":false,"template":"","format":"standard","meta":[],"categories":[234,225],"tags":[258,235,90,14,226,230,162],"jetpack_featured_media_url":"","_links":{"self":[{"href":"https:\/\/muvacandalucia.es\/index.php\/wp-json\/wp\/v2\/posts\/742"}],"collection":[{"href":"https:\/\/muvacandalucia.es\/index.php\/wp-json\/wp\/v2\/posts"}],"about":[{"href":"https:\/\/muvacandalucia.es\/index.php\/wp-json\/wp\/v2\/types\/post"}],"author":[{"embeddable":true,"href":"https:\/\/muvacandalucia.es\/index.php\/wp-json\/wp\/v2\/users\/1"}],"replies":[{"embeddable":true,"href":"https:\/\/muvacandalucia.es\/index.php\/wp-json\/wp\/v2\/comments?post=742"}],"version-history":[{"count":3,"href":"https:\/\/muvacandalucia.es\/index.php\/wp-json\/wp\/v2\/posts\/742\/revisions"}],"predecessor-version":[{"id":1251,"href":"https:\/\/muvacandalucia.es\/index.php\/wp-json\/wp\/v2\/posts\/742\/revisions\/1251"}],"wp:attachment":[{"href":"https:\/\/muvacandalucia.es\/index.php\/wp-json\/wp\/v2\/media?parent=742"}],"wp:term":[{"taxonomy":"category","embeddable":true,"href":"https:\/\/muvacandalucia.es\/index.php\/wp-json\/wp\/v2\/categories?post=742"},{"taxonomy":"post_tag","embeddable":true,"href":"https:\/\/muvacandalucia.es\/index.php\/wp-json\/wp\/v2\/tags?post=742"}],"curies":[{"name":"wp","href":"https:\/\/api.w.org\/{rel}","templated":true}]}}