{"id":740,"date":"2021-03-14T06:46:05","date_gmt":"2021-03-14T06:46:05","guid":{"rendered":"https:\/\/muvaclinares.es\/?p=740"},"modified":"2021-03-29T06:06:59","modified_gmt":"2021-03-29T06:06:59","slug":"10-manuel-castano","status":"publish","type":"post","link":"https:\/\/muvacandalucia.es\/index.php\/2021\/03\/14\/10-manuel-castano\/","title":{"rendered":"10 Manuel Casta\u00f1o"},"content":{"rendered":"<div>Autor: Manuel Casta\u00f1o<\/div>\n<div>T\u00edtulo: <i>\u00c1rbol naranja<\/i><\/div>\n<div>Dimensiones: \u00a070 \u00a0x 50 cm<\/div>\n<div>T\u00e9cnica: \u00a0dibujo carb\u00f3n y t\u00e9mpera sobre papel gris<\/div>\n<div><\/div>\n<div>\n<figure id=\"attachment_1254\" aria-describedby=\"caption-attachment-1254\" style=\"width: 217px\" class=\"wp-caption alignnone\"><img decoding=\"async\" loading=\"lazy\" class=\"size-medium wp-image-1254\" src=\"https:\/\/muvacandalucia.es\/wp-content\/uploads\/2021\/03\/10-Manuel-Castano-217x300.jpg\" alt=\"Autor: Manuel Casta\u00f1o T\u00edtulo: \u00c1rbol naranja Dimensiones: \u00a070 \u00a0x 50 cm T\u00e9cnica: \u00a0dibujo carb\u00f3n y t\u00e9mpera sobre papel gris\" width=\"217\" height=\"300\" srcset=\"https:\/\/muvacandalucia.es\/wp-content\/uploads\/2021\/03\/10-Manuel-Castano-217x300.jpg 217w, https:\/\/muvacandalucia.es\/wp-content\/uploads\/2021\/03\/10-Manuel-Castano-740x1024.jpg 740w, https:\/\/muvacandalucia.es\/wp-content\/uploads\/2021\/03\/10-Manuel-Castano-768x1062.jpg 768w, https:\/\/muvacandalucia.es\/wp-content\/uploads\/2021\/03\/10-Manuel-Castano.jpg 791w\" sizes=\"(max-width: 217px) 100vw, 217px\" \/><figcaption id=\"caption-attachment-1254\" class=\"wp-caption-text\">Autor: Manuel Casta\u00f1o<br \/>T\u00edtulo: \u00c1rbol naranja<br \/>Dimensiones: \u00a070 \u00a0x 50 cm<br \/>T\u00e9cnica: \u00a0dibujo carb\u00f3n y t\u00e9mpera sobre papel gris<\/figcaption><\/figure>\n<\/div>\n<div>Cumpl\u00eda yo los diecis\u00e9is a\u00f1os cuando ya D. Miguel me daba las primeras clases de pintura. Primero fue en la Escuela de Artes Aplicadas y Ofi cios Art\u00edsticos ubicada en la calle Zaragoza y posteriormente en el Pabell\u00f3n de Chile de Sevilla donde, con alguna insistencia, me aconsejaba que deber\u00eda estudiar BB.AA. Por aquel entonces trabajaba en el comercio sevillano y me era harto dif\u00edcil suspender mi trabajo e incorporarme de lleno como estudiante, pero fue \u00e9l de nuevo qui\u00e9n me asesor\u00f3 para que sin dilaci\u00f3n pidiera una beca de estudio que por aquel entonces hab\u00eda convocado la<br \/>\nfirma Castellblanc para dotar econ\u00f3micamente a j\u00f3venes artistas.<br \/>\nConsegu\u00ed una de ellas que me supuso poder estudiar y me permitir\u00eda encauzar mi vida y dedicarme hasta el d\u00eda de hoy al arte.<br \/>\nFui alumno de D. Miguel desde el a\u00f1o 1966 hasta el a\u00f1o 1973, primero en Artes Aplicadas y despu\u00e9s hasta terminar BB.AA.<br \/>\nPosteriormente coincidimos con nuestras obras en varias<br \/>\nexposiciones colectivas y mantuvimos una amistad respetuosa por mi parte y cordial.<\/div>\n<div style=\"text-align: right;\">Manolo Casta\u00f1o<br \/>\nSevilla<br \/>\nEstudios de Artes Aplicadas y BB.AA.<br \/>\nEjerci\u00f3 como profesor de dibujo durante 40 a\u00f1os en la Excma. Diputaci\u00f3n de Sevilla.<br \/>\nPintor, escultor y grabador.<\/div>\n","protected":false},"excerpt":{"rendered":"<p>Autor: Manuel Casta\u00f1o T\u00edtulo: \u00c1rbol naranja Dimensiones: \u00a070 \u00a0x 50 cm T\u00e9cnica: \u00a0dibujo carb\u00f3n y t\u00e9mpera sobre papel gris Cumpl\u00eda yo los diecis\u00e9is a\u00f1os cuando ya D. Miguel me daba&hellip;<\/p>\n","protected":false},"author":1,"featured_media":0,"comment_status":"open","ping_status":"open","sticky":false,"template":"","format":"standard","meta":[],"categories":[234,225],"tags":[235,90,14,226,259,230,162],"jetpack_featured_media_url":"","_links":{"self":[{"href":"https:\/\/muvacandalucia.es\/index.php\/wp-json\/wp\/v2\/posts\/740"}],"collection":[{"href":"https:\/\/muvacandalucia.es\/index.php\/wp-json\/wp\/v2\/posts"}],"about":[{"href":"https:\/\/muvacandalucia.es\/index.php\/wp-json\/wp\/v2\/types\/post"}],"author":[{"embeddable":true,"href":"https:\/\/muvacandalucia.es\/index.php\/wp-json\/wp\/v2\/users\/1"}],"replies":[{"embeddable":true,"href":"https:\/\/muvacandalucia.es\/index.php\/wp-json\/wp\/v2\/comments?post=740"}],"version-history":[{"count":4,"href":"https:\/\/muvacandalucia.es\/index.php\/wp-json\/wp\/v2\/posts\/740\/revisions"}],"predecessor-version":[{"id":1255,"href":"https:\/\/muvacandalucia.es\/index.php\/wp-json\/wp\/v2\/posts\/740\/revisions\/1255"}],"wp:attachment":[{"href":"https:\/\/muvacandalucia.es\/index.php\/wp-json\/wp\/v2\/media?parent=740"}],"wp:term":[{"taxonomy":"category","embeddable":true,"href":"https:\/\/muvacandalucia.es\/index.php\/wp-json\/wp\/v2\/categories?post=740"},{"taxonomy":"post_tag","embeddable":true,"href":"https:\/\/muvacandalucia.es\/index.php\/wp-json\/wp\/v2\/tags?post=740"}],"curies":[{"name":"wp","href":"https:\/\/api.w.org\/{rel}","templated":true}]}}