{"id":736,"date":"2021-03-14T06:43:59","date_gmt":"2021-03-14T06:43:59","guid":{"rendered":"https:\/\/muvaclinares.es\/?p=736"},"modified":"2021-03-29T06:15:44","modified_gmt":"2021-03-29T06:15:44","slug":"8-patricio-cabrera","status":"publish","type":"post","link":"https:\/\/muvacandalucia.es\/index.php\/2021\/03\/14\/8-patricio-cabrera\/","title":{"rendered":"8 Patricio Cabrera"},"content":{"rendered":"<div>Autor: Patricio Cabrera<\/div>\n<div>T\u00edtulo: <i>Tres paisajes sobe papel, <\/i>2016<\/div>\n<div>Dimensiones: 30 x 21 cm<\/div>\n<div>T\u00e9cnica: T\u00e9cnica mixta sobre papel<\/div>\n<div><\/div>\n<div>\n<figure id=\"attachment_1260\" aria-describedby=\"caption-attachment-1260\" style=\"width: 208px\" class=\"wp-caption alignnone\"><img decoding=\"async\" loading=\"lazy\" class=\"size-medium wp-image-1260\" src=\"https:\/\/muvacandalucia.es\/wp-content\/uploads\/2021\/03\/8-Patricio-Cabrera-208x300.jpg\" alt=\"Autor: Patricio Cabrera T\u00edtulo: Tres paisajes sobe papel, 2016 Dimensiones: 30 x 21 cm T\u00e9cnica: T\u00e9cnica mixta sobre papel\" width=\"208\" height=\"300\" srcset=\"https:\/\/muvacandalucia.es\/wp-content\/uploads\/2021\/03\/8-Patricio-Cabrera-208x300.jpg 208w, https:\/\/muvacandalucia.es\/wp-content\/uploads\/2021\/03\/8-Patricio-Cabrera.jpg 516w\" sizes=\"(max-width: 208px) 100vw, 208px\" \/><figcaption id=\"caption-attachment-1260\" class=\"wp-caption-text\">Autor: Patricio Cabrera<br \/>T\u00edtulo: Tres paisajes sobe papel, 2016<br \/>Dimensiones: 30 x 21 cm<br \/>T\u00e9cnica: T\u00e9cnica mixta sobre papel<\/figcaption><\/figure>\n<\/div>\n","protected":false},"excerpt":{"rendered":"<p>Autor: Patricio Cabrera T\u00edtulo: Tres paisajes sobe papel, 2016 Dimensiones: 30 x 21 cm T\u00e9cnica: T\u00e9cnica mixta sobre papel<\/p>\n","protected":false},"author":1,"featured_media":0,"comment_status":"open","ping_status":"open","sticky":false,"template":"","format":"standard","meta":[],"categories":[234,225],"tags":[235,90,14,226,230,262,162],"jetpack_featured_media_url":"","_links":{"self":[{"href":"https:\/\/muvacandalucia.es\/index.php\/wp-json\/wp\/v2\/posts\/736"}],"collection":[{"href":"https:\/\/muvacandalucia.es\/index.php\/wp-json\/wp\/v2\/posts"}],"about":[{"href":"https:\/\/muvacandalucia.es\/index.php\/wp-json\/wp\/v2\/types\/post"}],"author":[{"embeddable":true,"href":"https:\/\/muvacandalucia.es\/index.php\/wp-json\/wp\/v2\/users\/1"}],"replies":[{"embeddable":true,"href":"https:\/\/muvacandalucia.es\/index.php\/wp-json\/wp\/v2\/comments?post=736"}],"version-history":[{"count":3,"href":"https:\/\/muvacandalucia.es\/index.php\/wp-json\/wp\/v2\/posts\/736\/revisions"}],"predecessor-version":[{"id":1261,"href":"https:\/\/muvacandalucia.es\/index.php\/wp-json\/wp\/v2\/posts\/736\/revisions\/1261"}],"wp:attachment":[{"href":"https:\/\/muvacandalucia.es\/index.php\/wp-json\/wp\/v2\/media?parent=736"}],"wp:term":[{"taxonomy":"category","embeddable":true,"href":"https:\/\/muvacandalucia.es\/index.php\/wp-json\/wp\/v2\/categories?post=736"},{"taxonomy":"post_tag","embeddable":true,"href":"https:\/\/muvacandalucia.es\/index.php\/wp-json\/wp\/v2\/tags?post=736"}],"curies":[{"name":"wp","href":"https:\/\/api.w.org\/{rel}","templated":true}]}}