{"id":734,"date":"2021-03-14T06:42:56","date_gmt":"2021-03-14T06:42:56","guid":{"rendered":"https:\/\/muvaclinares.es\/?p=734"},"modified":"2021-03-30T05:03:37","modified_gmt":"2021-03-30T05:03:37","slug":"7-javier-buzon","status":"publish","type":"post","link":"https:\/\/muvacandalucia.es\/index.php\/2021\/03\/14\/7-javier-buzon\/","title":{"rendered":"7. Javier Buz\u00f3n"},"content":{"rendered":"<div>Autor: Javier Buz\u00f3n<\/div>\n<div>T\u00edtulo: <i>Homenaje 8, <\/i>2015<\/div>\n<div>Dimensiones: 56 x 81<\/div>\n<div>T\u00e9cnica: \u00f3leo sobre lienzo<\/div>\n<div><\/div>\n<div style=\"text-align: left;\">\u201cMiguel P\u00e9rez Aguilera es una de las voces de la creaci\u00f3n pict\u00f3rica contempor\u00e1nea andaluza m\u00e1s sugerente de los \u00faltimos tiempos\u201d.<\/div>\n<div style=\"text-align: right;\">\nJos\u00e9 Manuel Baena Gall\u00e9<\/div>\n<div>\n<strong>Aportaciones a la obra de Miguel P\u00e9rez Aguilera\/CONTRIBUTIONS TO MIGUEL P\u00c9REZ AGUILERA\u2019S <\/strong><strong>WORK (Laboratorio de Arte, 25 vol.2-2013).<\/strong><br \/>\n\u201cMiguel P\u00e9rez Aguilera, uno de los baluartes de la pintura sevillana del pasado siglo. Su obra pict\u00f3rica se apoya sobre unos s\u00f3lidos cimientos. Por un lado, el dibujo que dominaba de manera extraordinaria; por otro, su agudeza compositiva, la cual utilizaba para dotar a sus cuadros de una<br \/>\nestructura s\u00f3lida y vigorosa, y, por \u00faltimo, el color con el que jugaba sin l\u00edmites\u201d.<br \/>\n<a href=\"http:\/\/(DIARIO DE SEVILLA, 24 Diciembre, 2009. Sobre su exposici\u00f3n en Sala Birimbao). Https:\/\/www.diariodesevilla.es\/sevilla\/obra-pictorica-Miguel-Perez-Aguilera_0_326367413.html\">(DIARIO DE SEVILLA<\/a><br \/>\nHttps:\/\/www.diariodesevilla.es\/sevilla\/obra-pictorica-Miguel-Perez-Aguilera_0_326367413.html<\/div>\n<div>\n\u201c<em>P\u00e9rez Aguilera nos abri\u00f3 unas puertas te\u00f3ricas interesant\u00edsimas\u201d<\/em>.<\/div>\n<div style=\"text-align: right;\">\nJavier Buz\u00f3n<\/div>\n<div>\n<a href=\"http:\/\/(Rastro de la Fama, 15 de enero de 2017). Https:\/\/www.diariodesevilla.es\/rastrodelafama\/arte-conceptual-mucha-cacharreria_ 0_1099990566.html\">Entrevista de Luis S\u00e1nchez-Molin\u00ed en DIARIO DE SEVILLA<\/a><\/div>\n<div>\n\u201c<em>Quiz\u00e1s sea la hora de una gran exposici\u00f3n antol\u00f3gica de Miguel P\u00e9rez Aguilera, uno de los exponentes m\u00e1s importantes de la abstracci\u00f3n andaluza y espa\u00f1ola, ninguneado por las instancias oficiales<\/em>\u201d.<br \/>\nDIARIO DE SEVILLA, 3 de febrero de 2019<br \/>\nArt\u00edculo \u201cCarta a la Consejera de Cultura Patricia del Pozo\u201d<br \/>\nCarlos Navarro Antol\u00edn<\/div>\n","protected":false},"excerpt":{"rendered":"<p>Autor: Javier Buz\u00f3n T\u00edtulo: Homenaje 8, 2015 Dimensiones: 56 x 81 T\u00e9cnica: \u00f3leo sobre lienzo \u201cMiguel P\u00e9rez Aguilera es una de las voces de la creaci\u00f3n pict\u00f3rica contempor\u00e1nea andaluza m\u00e1s&hellip;<\/p>\n","protected":false},"author":1,"featured_media":0,"comment_status":"open","ping_status":"open","sticky":false,"template":"","format":"standard","meta":[],"categories":[234,225],"tags":[235,90,263,14,226,230,162],"jetpack_featured_media_url":"","_links":{"self":[{"href":"https:\/\/muvacandalucia.es\/index.php\/wp-json\/wp\/v2\/posts\/734"}],"collection":[{"href":"https:\/\/muvacandalucia.es\/index.php\/wp-json\/wp\/v2\/posts"}],"about":[{"href":"https:\/\/muvacandalucia.es\/index.php\/wp-json\/wp\/v2\/types\/post"}],"author":[{"embeddable":true,"href":"https:\/\/muvacandalucia.es\/index.php\/wp-json\/wp\/v2\/users\/1"}],"replies":[{"embeddable":true,"href":"https:\/\/muvacandalucia.es\/index.php\/wp-json\/wp\/v2\/comments?post=734"}],"version-history":[{"count":3,"href":"https:\/\/muvacandalucia.es\/index.php\/wp-json\/wp\/v2\/posts\/734\/revisions"}],"predecessor-version":[{"id":1265,"href":"https:\/\/muvacandalucia.es\/index.php\/wp-json\/wp\/v2\/posts\/734\/revisions\/1265"}],"wp:attachment":[{"href":"https:\/\/muvacandalucia.es\/index.php\/wp-json\/wp\/v2\/media?parent=734"}],"wp:term":[{"taxonomy":"category","embeddable":true,"href":"https:\/\/muvacandalucia.es\/index.php\/wp-json\/wp\/v2\/categories?post=734"},{"taxonomy":"post_tag","embeddable":true,"href":"https:\/\/muvacandalucia.es\/index.php\/wp-json\/wp\/v2\/tags?post=734"}],"curies":[{"name":"wp","href":"https:\/\/api.w.org\/{rel}","templated":true}]}}