{"id":729,"date":"2021-03-14T06:41:45","date_gmt":"2021-03-14T06:41:45","guid":{"rendered":"https:\/\/muvaclinares.es\/?p=729"},"modified":"2021-03-30T05:14:29","modified_gmt":"2021-03-30T05:14:29","slug":"6-daniel-bilbao","status":"publish","type":"post","link":"https:\/\/muvacandalucia.es\/index.php\/2021\/03\/14\/6-daniel-bilbao\/","title":{"rendered":"6. Daniel Bilbao"},"content":{"rendered":"<div><i>Autor:<\/i> <i>Daniel Bilbao<\/i><\/div>\n<div><i>T\u00edtulo:<\/i> <i>Negro continuo<\/i><\/div>\n<div><i>Dimensiones:<\/i> <i>40 x \u00a0 60 cm<\/i><\/div>\n<div><i>T\u00e9cnica:<\/i> <i>mixta sobre tabla<\/i><\/div>\n<div>\n<figure id=\"attachment_1268\" aria-describedby=\"caption-attachment-1268\" style=\"width: 300px\" class=\"wp-caption alignnone\"><img decoding=\"async\" loading=\"lazy\" class=\"size-medium wp-image-1268\" src=\"https:\/\/muvacandalucia.es\/wp-content\/uploads\/2021\/03\/5-Daniel-Bilbao-300x194.jpg\" alt=\"Autor: Daniel Bilbao T\u00edtulo: Negro continuo Dimensiones: 40 x \u00a0 60 cm T\u00e9cnica: mixta sobre tabla\" width=\"300\" height=\"194\" srcset=\"https:\/\/muvacandalucia.es\/wp-content\/uploads\/2021\/03\/5-Daniel-Bilbao-300x194.jpg 300w, https:\/\/muvacandalucia.es\/wp-content\/uploads\/2021\/03\/5-Daniel-Bilbao-1024x662.jpg 1024w, https:\/\/muvacandalucia.es\/wp-content\/uploads\/2021\/03\/5-Daniel-Bilbao-768x497.jpg 768w, https:\/\/muvacandalucia.es\/wp-content\/uploads\/2021\/03\/5-Daniel-Bilbao.jpg 1036w\" sizes=\"(max-width: 300px) 100vw, 300px\" \/><figcaption id=\"caption-attachment-1268\" class=\"wp-caption-text\">Autor: Daniel Bilbao<br \/>T\u00edtulo: Negro continuo<br \/>Dimensiones: 40 x \u00a0 60 cm<br \/>T\u00e9cnica: mixta sobre tabla<\/figcaption><\/figure>\n<\/div>\n<div>Tuve la suerte de tener como profesor a D. Miguel en su curso de doctorado \u201cEl dibujo expresionista\u201d. Conoc\u00eda su excelente fama como docente por los comentarios que me transmit\u00edan mis maestros, sus antiguos alumnos. De fi gura imponente, rictus serio y bigote cano, reforzado por el uso de corbata en las clases y el empleo del usted al dirigirse a cada uno de nosotros. Su forma de impartir se fundamentaba en una combinaci\u00f3n de conceptos te\u00f3ricos con el dominio del carboncillo con el que trazaba unas manchas en el margen del papel gris continuo sobre el que dibuj\u00e1bamos. Su trazo comenzaba arrastrando el carb\u00f3n plano globalizando la direcci\u00f3n de la fi gura para inmediatamente golpear la mancha que hab\u00eda trazado en varios puntos anat\u00f3micos a los que \u00e9l llamaba momentos. Era entonces cuando cog\u00eda el carb\u00f3n con el \u00edndice y el pulgar y trazaba unas l\u00edneas que daban vida y cargaban de expresividad el dibujo. En una ocasi\u00f3n vino a mi estudio, estuvimos durante toda una tarde analizando mis obras. Recuerdo que teoriz\u00e1bamos sobre el color en las sombras y en un momento determinado se asom\u00f3 al balc\u00f3n y, sin abandonar su discurso, me dijo: \u201cmire, Bilbao, mire&#8230;all\u00ed, el matiz que existe en el tr\u00e1nsito entre la sombra que arroja el edifi cio y la luz\u201d. He de reconocer que, en ese momento, yo no ve\u00eda nada, no comprend\u00eda lo que me dec\u00eda. Tuvo que pasar tiempo, ver muchas obras, pintar numerosos cuadros para comprenderle. Ahora s\u00ed, D. Miguel\u2026comprend\u00ed lo que usted dec\u00eda.<\/div>\n<div style=\"text-align: right;\">Daniel Bilbao<br \/>\nPintor<\/div>\n","protected":false},"excerpt":{"rendered":"<p>Autor: Daniel Bilbao T\u00edtulo: Negro continuo Dimensiones: 40 x \u00a0 60 cm T\u00e9cnica: mixta sobre tabla Tuve la suerte de tener como profesor a D. Miguel en su curso de&hellip;<\/p>\n","protected":false},"author":1,"featured_media":0,"comment_status":"open","ping_status":"open","sticky":false,"template":"","format":"standard","meta":[],"categories":[234,225],"tags":[235,264,90,14,226,230,162],"jetpack_featured_media_url":"","_links":{"self":[{"href":"https:\/\/muvacandalucia.es\/index.php\/wp-json\/wp\/v2\/posts\/729"}],"collection":[{"href":"https:\/\/muvacandalucia.es\/index.php\/wp-json\/wp\/v2\/posts"}],"about":[{"href":"https:\/\/muvacandalucia.es\/index.php\/wp-json\/wp\/v2\/types\/post"}],"author":[{"embeddable":true,"href":"https:\/\/muvacandalucia.es\/index.php\/wp-json\/wp\/v2\/users\/1"}],"replies":[{"embeddable":true,"href":"https:\/\/muvacandalucia.es\/index.php\/wp-json\/wp\/v2\/comments?post=729"}],"version-history":[{"count":5,"href":"https:\/\/muvacandalucia.es\/index.php\/wp-json\/wp\/v2\/posts\/729\/revisions"}],"predecessor-version":[{"id":1269,"href":"https:\/\/muvacandalucia.es\/index.php\/wp-json\/wp\/v2\/posts\/729\/revisions\/1269"}],"wp:attachment":[{"href":"https:\/\/muvacandalucia.es\/index.php\/wp-json\/wp\/v2\/media?parent=729"}],"wp:term":[{"taxonomy":"category","embeddable":true,"href":"https:\/\/muvacandalucia.es\/index.php\/wp-json\/wp\/v2\/categories?post=729"},{"taxonomy":"post_tag","embeddable":true,"href":"https:\/\/muvacandalucia.es\/index.php\/wp-json\/wp\/v2\/tags?post=729"}],"curies":[{"name":"wp","href":"https:\/\/api.w.org\/{rel}","templated":true}]}}