{"id":725,"date":"2021-03-14T06:38:10","date_gmt":"2021-03-14T06:38:10","guid":{"rendered":"https:\/\/muvaclinares.es\/?p=725"},"modified":"2021-03-30T05:21:36","modified_gmt":"2021-03-30T05:21:36","slug":"4-manuela-bascon","status":"publish","type":"post","link":"https:\/\/muvacandalucia.es\/index.php\/2021\/03\/14\/4-manuela-bascon\/","title":{"rendered":"4. Manuela Basc\u00f3n"},"content":{"rendered":"<figure id=\"attachment_1274\" aria-describedby=\"caption-attachment-1274\" style=\"width: 208px\" class=\"wp-caption alignnone\"><img decoding=\"async\" loading=\"lazy\" class=\"size-medium wp-image-1274\" src=\"https:\/\/muvacandalucia.es\/wp-content\/uploads\/2021\/03\/4-Manuela-Bascon-208x300.jpg\" alt=\"Autora: Manuela Basc\u00f3n T\u00edtulo: Cuatro m\u00e1scaras 2016 Dimensiones: 82 \u00a0x 71 cm T\u00e9cnica: T\u00e9cnica mixta sobre papel\" width=\"208\" height=\"300\" srcset=\"https:\/\/muvacandalucia.es\/wp-content\/uploads\/2021\/03\/4-Manuela-Bascon-208x300.jpg 208w, https:\/\/muvacandalucia.es\/wp-content\/uploads\/2021\/03\/4-Manuela-Bascon.jpg 492w\" sizes=\"(max-width: 208px) 100vw, 208px\" \/><figcaption id=\"caption-attachment-1274\" class=\"wp-caption-text\">Autora: Manuela Basc\u00f3n<br \/>T\u00edtulo: Cuatro m\u00e1scaras 2016<br \/>Dimensiones: 82 \u00a0x 71 cm<br \/>T\u00e9cnica: T\u00e9cnica mixta sobre papel<\/figcaption><\/figure>\n<p>&nbsp;<\/p>\n<div><\/div>\n<div><\/div>\n<div>VINCULACI\u00d3N CON P\u00c9REZ AGUILERA<\/div>\n<div>\nYo estuve en la Facultad del a\u00f1o 85 al 90.<br \/>\nFue all\u00e1 por 1991 que uno de mis profesores en un<br \/>\ncurso de doctorado fue P\u00e9rez Aguilera.<br \/>\nMi doctorado iba sobre la biograf\u00eda de Mar\u00eda Helena Vieira da Silva, una pintora que \u00e9l conoc\u00eda muy bien ya que ambos practicaban una clase de abstracci\u00f3n l\u00edrica.<br \/>\nAs\u00ed que simpatizamos mucho y ese a\u00f1o hicimos alguna<br \/>\nexposici\u00f3n juntos.<br \/>\nCuando vio mi obra, se me acerc\u00f3 y me dijo que no dejara de pintar porque \u00e9l hab\u00eda detectado en m\u00ed el germen de una artista. En ese momento de mi vida esas palabras fueron de gran aliento para permanecer siempre en el mundo de la pintura. Y aqu\u00ed sigo, fi el a su pron\u00f3stico.<\/div>\n<div>\nManuela Basc\u00f3n<br \/>\nDoctora en BBAA<br \/>\nPintora y profesora de pintura<\/div>\n","protected":false},"excerpt":{"rendered":"<p>&nbsp; VINCULACI\u00d3N CON P\u00c9REZ AGUILERA Yo estuve en la Facultad del a\u00f1o 85 al 90. Fue all\u00e1 por 1991 que uno de mis profesores en un curso de doctorado fue&hellip;<\/p>\n","protected":false},"author":1,"featured_media":0,"comment_status":"open","ping_status":"open","sticky":false,"template":"","format":"standard","meta":[],"categories":[234,225],"tags":[235,90,14,226,266,230,162],"jetpack_featured_media_url":"","_links":{"self":[{"href":"https:\/\/muvacandalucia.es\/index.php\/wp-json\/wp\/v2\/posts\/725"}],"collection":[{"href":"https:\/\/muvacandalucia.es\/index.php\/wp-json\/wp\/v2\/posts"}],"about":[{"href":"https:\/\/muvacandalucia.es\/index.php\/wp-json\/wp\/v2\/types\/post"}],"author":[{"embeddable":true,"href":"https:\/\/muvacandalucia.es\/index.php\/wp-json\/wp\/v2\/users\/1"}],"replies":[{"embeddable":true,"href":"https:\/\/muvacandalucia.es\/index.php\/wp-json\/wp\/v2\/comments?post=725"}],"version-history":[{"count":3,"href":"https:\/\/muvacandalucia.es\/index.php\/wp-json\/wp\/v2\/posts\/725\/revisions"}],"predecessor-version":[{"id":1275,"href":"https:\/\/muvacandalucia.es\/index.php\/wp-json\/wp\/v2\/posts\/725\/revisions\/1275"}],"wp:attachment":[{"href":"https:\/\/muvacandalucia.es\/index.php\/wp-json\/wp\/v2\/media?parent=725"}],"wp:term":[{"taxonomy":"category","embeddable":true,"href":"https:\/\/muvacandalucia.es\/index.php\/wp-json\/wp\/v2\/categories?post=725"},{"taxonomy":"post_tag","embeddable":true,"href":"https:\/\/muvacandalucia.es\/index.php\/wp-json\/wp\/v2\/tags?post=725"}],"curies":[{"name":"wp","href":"https:\/\/api.w.org\/{rel}","templated":true}]}}