{"id":720,"date":"2021-03-14T06:35:33","date_gmt":"2021-03-14T06:35:33","guid":{"rendered":"https:\/\/muvaclinares.es\/?p=720"},"modified":"2021-03-30T05:29:36","modified_gmt":"2021-03-30T05:29:36","slug":"2-isabel-alvarez-sala","status":"publish","type":"post","link":"https:\/\/muvacandalucia.es\/index.php\/2021\/03\/14\/2-isabel-alvarez-sala\/","title":{"rendered":"2 Isabel \u00c1lvarez Sala"},"content":{"rendered":"<div>Autora: Isabel \u00c1lvarez Sala<\/div>\n<div>T\u00edtulo: <i>Calas<\/i><\/div>\n<div>Dimensiones: 70x 50<\/div>\n<div>T\u00e9cnica: \u00d3leo y mixta sobre cart\u00f3n<\/div>\n<div>\n<figure id=\"attachment_1281\" aria-describedby=\"caption-attachment-1281\" style=\"width: 300px\" class=\"wp-caption alignnone\"><img decoding=\"async\" loading=\"lazy\" class=\"size-medium wp-image-1281\" src=\"https:\/\/muvacandalucia.es\/wp-content\/uploads\/2021\/03\/2-Isabel-Alvarez-300x233.jpg\" alt=\"Autora: Isabel \u00c1lvarez Sala T\u00edtulo: Calas Dimensiones: 70x 50 T\u00e9cnica: \u00d3leo y mixta sobre cart\u00f3n\" width=\"300\" height=\"233\" srcset=\"https:\/\/muvacandalucia.es\/wp-content\/uploads\/2021\/03\/2-Isabel-Alvarez-300x233.jpg 300w, https:\/\/muvacandalucia.es\/wp-content\/uploads\/2021\/03\/2-Isabel-Alvarez.jpg 721w\" sizes=\"(max-width: 300px) 100vw, 300px\" \/><figcaption id=\"caption-attachment-1281\" class=\"wp-caption-text\">Autora: Isabel \u00c1lvarez Sala<br \/>T\u00edtulo: Calas<br \/>Dimensiones: 70x 50<br \/>T\u00e9cnica: \u00d3leo y mixta sobre cart\u00f3n<\/figcaption><\/figure>\n<\/div>\n<div><\/div>\n<div>Don Miguel, mi primer profesor de Colorido en Artes y Ofi cios. Muchos recuerdos en aquella aula del pabell\u00f3n de Chile en Sevilla, donde impart\u00eda clases hasta bien entrada la noche,<br \/>\nen los a\u00f1os 70. All\u00ed hice buenos amigos con los que volv\u00ed a coincidir en la Facultad. Lo recuerdo con cari\u00f1o, porque en esos a\u00f1os en los que \u00e9ramos tan j\u00f3venes, todo eran ilusiones y ganas de aprender de Don Miguel, al que tanto<br \/>\nadmir\u00e1bamos. Compart\u00eda nuestro entusiasmo al ense\u00f1arnos, nos cog\u00eda los pinceles y nos abr\u00eda el camino en el lienzo a cada uno, con esos colores intensos que me daban la<br \/>\nchispa para vivir la pintura. Su ense\u00f1anza ha permanecido en m\u00ed hasta el d\u00eda de hoy la cual he intentado transmitir a mis alumnos del Aula de Pintura y Dibujo del Ayuntamiento de Mairena del Aljarafe. Tengo que decir que para m\u00ed fue el m\u00e1s querido y agradecerle siempre el mundo m\u00e1gico que me regal\u00f3.<\/div>\n<div style=\"text-align: right;\">Isabel \u00c1lvarez Sala<br \/>\nLeo<br \/>\nPastel sobre papel gris<\/div>\n","protected":false},"excerpt":{"rendered":"<p>Autora: Isabel \u00c1lvarez Sala T\u00edtulo: Calas Dimensiones: 70x 50 T\u00e9cnica: \u00d3leo y mixta sobre cart\u00f3n Don Miguel, mi primer profesor de Colorido en Artes y Ofi cios. Muchos recuerdos en&hellip;<\/p>\n","protected":false},"author":1,"featured_media":0,"comment_status":"open","ping_status":"open","sticky":false,"template":"","format":"standard","meta":[],"categories":[234,225],"tags":[235,90,268,14,226,230,162],"jetpack_featured_media_url":"","_links":{"self":[{"href":"https:\/\/muvacandalucia.es\/index.php\/wp-json\/wp\/v2\/posts\/720"}],"collection":[{"href":"https:\/\/muvacandalucia.es\/index.php\/wp-json\/wp\/v2\/posts"}],"about":[{"href":"https:\/\/muvacandalucia.es\/index.php\/wp-json\/wp\/v2\/types\/post"}],"author":[{"embeddable":true,"href":"https:\/\/muvacandalucia.es\/index.php\/wp-json\/wp\/v2\/users\/1"}],"replies":[{"embeddable":true,"href":"https:\/\/muvacandalucia.es\/index.php\/wp-json\/wp\/v2\/comments?post=720"}],"version-history":[{"count":4,"href":"https:\/\/muvacandalucia.es\/index.php\/wp-json\/wp\/v2\/posts\/720\/revisions"}],"predecessor-version":[{"id":1282,"href":"https:\/\/muvacandalucia.es\/index.php\/wp-json\/wp\/v2\/posts\/720\/revisions\/1282"}],"wp:attachment":[{"href":"https:\/\/muvacandalucia.es\/index.php\/wp-json\/wp\/v2\/media?parent=720"}],"wp:term":[{"taxonomy":"category","embeddable":true,"href":"https:\/\/muvacandalucia.es\/index.php\/wp-json\/wp\/v2\/categories?post=720"},{"taxonomy":"post_tag","embeddable":true,"href":"https:\/\/muvacandalucia.es\/index.php\/wp-json\/wp\/v2\/tags?post=720"}],"curies":[{"name":"wp","href":"https:\/\/api.w.org\/{rel}","templated":true}]}}