{"id":717,"date":"2021-03-14T06:34:09","date_gmt":"2021-03-14T06:34:09","guid":{"rendered":"https:\/\/muvaclinares.es\/?p=717"},"modified":"2021-03-30T05:33:28","modified_gmt":"2021-03-30T05:33:28","slug":"1-jesus-algovi","status":"publish","type":"post","link":"https:\/\/muvacandalucia.es\/index.php\/2021\/03\/14\/1-jesus-algovi\/","title":{"rendered":"1 Jes\u00fas Algovi"},"content":{"rendered":"<div>Autor: Jes\u00fas Algovi<\/div>\n<div>T\u00edtulo: <i>Memories, <\/i>1999<\/div>\n<div>Dimensiones: 70x 50<\/div>\n<div>T\u00e9cnica: impresi\u00f3n digital sobre papel<\/div>\n<div>\n<figure id=\"attachment_1284\" aria-describedby=\"caption-attachment-1284\" style=\"width: 226px\" class=\"wp-caption alignnone\"><img decoding=\"async\" loading=\"lazy\" class=\"size-medium wp-image-1284\" src=\"https:\/\/muvacandalucia.es\/wp-content\/uploads\/2021\/03\/1-Jesus-Algobi-226x300.jpg\" alt=\"Autor: Jes\u00fas Algovi T\u00edtulo: Memories, 1999 Dimensiones: 70x 50 T\u00e9cnica: impresi\u00f3n digital sobre papel\" width=\"226\" height=\"300\" srcset=\"https:\/\/muvacandalucia.es\/wp-content\/uploads\/2021\/03\/1-Jesus-Algobi-226x300.jpg 226w, https:\/\/muvacandalucia.es\/wp-content\/uploads\/2021\/03\/1-Jesus-Algobi.jpg 566w\" sizes=\"(max-width: 226px) 100vw, 226px\" \/><figcaption id=\"caption-attachment-1284\" class=\"wp-caption-text\">Autor: Jes\u00fas Algovi<br \/>T\u00edtulo: Memories, 1999<br \/>Dimensiones: 70x 50<br \/>T\u00e9cnica: impresi\u00f3n digital sobre papel<\/figcaption><\/figure>\n<\/div>\n<div>Profesor del Departamento de Dibujo de la Facultad de<br \/>\nBBAA de Sevilla, artista pl\u00e1stico y antiguo alumno.<br \/>\nLo tuve como profesor en los cursos de doctorado, pero lo conoc\u00ed mucho antes, en la carrera (1987) una noche que vino a la inauguraci\u00f3n en Dos Hermanas de una exposici\u00f3n de artistas j\u00f3venes (\u201cJoven Pintura\u201d) y la charla con \u00e9l fue realmente enriquecedora y qued\u00e9 maravillado con la persona. Am\u00e9n de ser un total admirador de su obra desde mi juventud&#8230;<\/div>\n<div style=\"text-align: right;\">\nJes\u00fas Algovi<br \/>\nDoctor en Bellas Artes<br \/>\n\u00c1nima C\u00edclica<br \/>\n1999<br \/>\nimpresi\u00f3n digital y guache sobre papel<\/div>\n","protected":false},"excerpt":{"rendered":"<p>Autor: Jes\u00fas Algovi T\u00edtulo: Memories, 1999 Dimensiones: 70x 50 T\u00e9cnica: impresi\u00f3n digital sobre papel Profesor del Departamento de Dibujo de la Facultad de BBAA de Sevilla, artista pl\u00e1stico y antiguo&hellip;<\/p>\n","protected":false},"author":1,"featured_media":0,"comment_status":"open","ping_status":"open","sticky":false,"template":"","format":"standard","meta":[],"categories":[234,225],"tags":[235,90,269,14,226,230,162],"jetpack_featured_media_url":"","_links":{"self":[{"href":"https:\/\/muvacandalucia.es\/index.php\/wp-json\/wp\/v2\/posts\/717"}],"collection":[{"href":"https:\/\/muvacandalucia.es\/index.php\/wp-json\/wp\/v2\/posts"}],"about":[{"href":"https:\/\/muvacandalucia.es\/index.php\/wp-json\/wp\/v2\/types\/post"}],"author":[{"embeddable":true,"href":"https:\/\/muvacandalucia.es\/index.php\/wp-json\/wp\/v2\/users\/1"}],"replies":[{"embeddable":true,"href":"https:\/\/muvacandalucia.es\/index.php\/wp-json\/wp\/v2\/comments?post=717"}],"version-history":[{"count":3,"href":"https:\/\/muvacandalucia.es\/index.php\/wp-json\/wp\/v2\/posts\/717\/revisions"}],"predecessor-version":[{"id":1285,"href":"https:\/\/muvacandalucia.es\/index.php\/wp-json\/wp\/v2\/posts\/717\/revisions\/1285"}],"wp:attachment":[{"href":"https:\/\/muvacandalucia.es\/index.php\/wp-json\/wp\/v2\/media?parent=717"}],"wp:term":[{"taxonomy":"category","embeddable":true,"href":"https:\/\/muvacandalucia.es\/index.php\/wp-json\/wp\/v2\/categories?post=717"},{"taxonomy":"post_tag","embeddable":true,"href":"https:\/\/muvacandalucia.es\/index.php\/wp-json\/wp\/v2\/tags?post=717"}],"curies":[{"name":"wp","href":"https:\/\/api.w.org\/{rel}","templated":true}]}}