{"id":707,"date":"2021-03-13T07:29:37","date_gmt":"2021-03-13T07:29:37","guid":{"rendered":"https:\/\/muvaclinares.es\/?p=707"},"modified":"2021-03-13T19:35:35","modified_gmt":"2021-03-13T19:35:35","slug":"llega-a-linares-la-exposicion-magistral-aguilera-del-genial-pintor-y-catedratico-linarense","status":"publish","type":"post","link":"https:\/\/muvacandalucia.es\/index.php\/2021\/03\/13\/llega-a-linares-la-exposicion-magistral-aguilera-del-genial-pintor-y-catedratico-linarense\/","title":{"rendered":"Llega a Linares la Exposici\u00f3n &#8220;Magistral Aguilera&#8221; del genial pintor y catedr\u00e1tico linarense"},"content":{"rendered":"<figure id=\"attachment_700\" aria-describedby=\"caption-attachment-700\" style=\"width: 213px\" class=\"wp-caption alignnone\"><img decoding=\"async\" loading=\"lazy\" class=\"wp-image-700 size-medium\" src=\"https:\/\/muvacandalucia.es\/wp-content\/uploads\/2021\/03\/Cartel-Magistral-Aguilera-213x300.jpeg\" alt=\"Cartel de la Exposici\u00f3n &quot;Magistral Aguilera&quot;\" width=\"213\" height=\"300\" srcset=\"https:\/\/muvacandalucia.es\/wp-content\/uploads\/2021\/03\/Cartel-Magistral-Aguilera-213x300.jpeg 213w, https:\/\/muvacandalucia.es\/wp-content\/uploads\/2021\/03\/Cartel-Magistral-Aguilera-728x1024.jpeg 728w, https:\/\/muvacandalucia.es\/wp-content\/uploads\/2021\/03\/Cartel-Magistral-Aguilera-768x1081.jpeg 768w, https:\/\/muvacandalucia.es\/wp-content\/uploads\/2021\/03\/Cartel-Magistral-Aguilera-1092x1536.jpeg 1092w, https:\/\/muvacandalucia.es\/wp-content\/uploads\/2021\/03\/Cartel-Magistral-Aguilera.jpeg 1137w\" sizes=\"(max-width: 213px) 100vw, 213px\" \/><figcaption id=\"caption-attachment-700\" class=\"wp-caption-text\">Cartel de la Exposici\u00f3n &#8220;Magistral Aguilera&#8221;<\/figcaption><\/figure>\n<p align=\"JUSTIFY\">Tras una exitosa gira por los Claustros de Santo Domingo de Jerez y la Casa de la Provincia de Sevilla (octubre 2020-febrero 2021) la obra de Don Miguel P\u00e9rez Aguilera (Linares 1915-Sevilla 2004) la Exposici\u00f3n \u201c<i>Magistral Aguilera<\/i>\u201d se detiene en Linares, poblaci\u00f3n natal de genial artista y catedr\u00e1tico de Bellas Artes, donde podr\u00e1 ser visitada desde el pr\u00f3ximo d\u00eda 19 de marzo y hasta el 28 de mayo en la <a href=\"https:\/\/muvacandalucia.es\/index.php\/2021\/01\/16\/sala-gourmet-cazorla-espacio-de-arte\/\">Sala de Exposiciones GC Espacio de Arte<\/a>, en el Pol\u00edgono de Los Jarales.<\/p>\n<figure id=\"attachment_701\" aria-describedby=\"caption-attachment-701\" style=\"width: 300px\" class=\"wp-caption alignnone\"><img decoding=\"async\" loading=\"lazy\" class=\"wp-image-701 size-medium\" src=\"https:\/\/muvacandalucia.es\/wp-content\/uploads\/2021\/03\/IMG_0013-300x225.jpg\" alt=\"Los cuadros de la Exposici\u00f3n reci\u00e9n llegados a GC-Espacio de Arte a\u00fan por desembalar\" width=\"300\" height=\"225\" srcset=\"https:\/\/muvacandalucia.es\/wp-content\/uploads\/2021\/03\/IMG_0013-300x225.jpg 300w, https:\/\/muvacandalucia.es\/wp-content\/uploads\/2021\/03\/IMG_0013-1024x768.jpg 1024w, https:\/\/muvacandalucia.es\/wp-content\/uploads\/2021\/03\/IMG_0013-768x576.jpg 768w, https:\/\/muvacandalucia.es\/wp-content\/uploads\/2021\/03\/IMG_0013-1536x1152.jpg 1536w, https:\/\/muvacandalucia.es\/wp-content\/uploads\/2021\/03\/IMG_0013-2048x1536.jpg 2048w\" sizes=\"(max-width: 300px) 100vw, 300px\" \/><figcaption id=\"caption-attachment-701\" class=\"wp-caption-text\">Los cuadros de la Exposici\u00f3n reci\u00e9n llegados a GC-Espacio de Arte a\u00fan por desembalar<\/figcaption><\/figure>\n<p align=\"JUSTIFY\">La organizaci\u00f3n, a cargo de GC Espacio de Arte y del Ayuntamiento de Linares, comisariada por Eduardo Palomares (EDUMA) ha contado con el entusiasta apoyo del Comisario de la Exposici\u00f3n, el pintor Domingo Mart\u00ednez Gonz\u00e1lez, y de la familia del difunto profesor que ha aportado a la misma alguna de las mejores y m\u00e1s caracter\u00edsticas obras del autor cediendo incluso algunas obras m\u00e1s no inclu\u00eddas de otras muestras anteriores en beneficio del p\u00fablico que podr\u00e1 admirar m\u00e1s de sesenta obras del insigne linarense reflejo de su prolongada trayectoria art\u00edstica.<\/p>\n<figure id=\"attachment_702\" aria-describedby=\"caption-attachment-702\" style=\"width: 300px\" class=\"wp-caption alignnone\"><img decoding=\"async\" loading=\"lazy\" class=\"size-medium wp-image-702\" src=\"https:\/\/muvacandalucia.es\/wp-content\/uploads\/2021\/03\/IMG_0032-300x225.jpg\" alt=\"Cada obra debe de ser objeto de un cuidadoso desembalado\" width=\"300\" height=\"225\" srcset=\"https:\/\/muvacandalucia.es\/wp-content\/uploads\/2021\/03\/IMG_0032-300x225.jpg 300w, https:\/\/muvacandalucia.es\/wp-content\/uploads\/2021\/03\/IMG_0032-1024x768.jpg 1024w, https:\/\/muvacandalucia.es\/wp-content\/uploads\/2021\/03\/IMG_0032-768x576.jpg 768w, https:\/\/muvacandalucia.es\/wp-content\/uploads\/2021\/03\/IMG_0032-rotated.jpg 1280w\" sizes=\"(max-width: 300px) 100vw, 300px\" \/><figcaption id=\"caption-attachment-702\" class=\"wp-caption-text\">Cada obra debe de ser objeto de un cuidadoso desembalado<\/figcaption><\/figure>\n<p align=\"JUSTIFY\">Desde sus primeros trabajos en una personal\u00edsima interpretaci\u00f3n realista de la figura y el color, hasta sus trabajos m\u00e1s avanzados en la l\u00ednea de la abstracci\u00f3n con la cual el pintor se aleja de los postulados m\u00e1s ortodoxos del informalismo. En su etapa abstracta, P\u00e9rez Aguilera crea un universo de color y geometr\u00eda abierta a la busqueda de nuevas zonas de inesperada expresividad. La pintura de P\u00e9rez Aguilera en esta etapa abstracta es ejemplo de sosiego y ahonda sus ra\u00edces inspirativas en el propio orfismo mediate la exploraci\u00f3n del color pero sobre una base geom\u00e9trica que lo convierte, domado valientemente por la forma pura, en el aut\u00e9ntico protagonista del lienzo.<\/p>\n<figure id=\"attachment_703\" aria-describedby=\"caption-attachment-703\" style=\"width: 225px\" class=\"wp-caption alignnone\"><img decoding=\"async\" loading=\"lazy\" class=\"size-medium wp-image-703\" src=\"https:\/\/muvacandalucia.es\/wp-content\/uploads\/2021\/03\/IMG_0039-225x300.jpg\" alt=\"Dispuestas en torno al espacio expositivo, las obras esperan el momento de ser colgadas.\" width=\"225\" height=\"300\" srcset=\"https:\/\/muvacandalucia.es\/wp-content\/uploads\/2021\/03\/IMG_0039-225x300.jpg 225w, https:\/\/muvacandalucia.es\/wp-content\/uploads\/2021\/03\/IMG_0039-768x1024.jpg 768w, https:\/\/muvacandalucia.es\/wp-content\/uploads\/2021\/03\/IMG_0039-1152x1536.jpg 1152w, https:\/\/muvacandalucia.es\/wp-content\/uploads\/2021\/03\/IMG_0039-1536x2048.jpg 1536w, https:\/\/muvacandalucia.es\/wp-content\/uploads\/2021\/03\/IMG_0039-scaled.jpg 1920w\" sizes=\"(max-width: 225px) 100vw, 225px\" \/><figcaption id=\"caption-attachment-703\" class=\"wp-caption-text\">Dispuestas en torno al espacio expositivo, las obras esperan el momento de ser colgadas.<\/figcaption><\/figure>\n<p align=\"JUSTIFY\">La Exposici\u00f3n muestra no s\u00f3lo la obra del genial linarense, sino que es acompa\u00f1ada por un nutrido grupo de obras de muchos de sus disc\u00edpulos quienes, en homenaje al pintor y catedr\u00e1tico, han cedido m\u00e1s de sesenta obras originales como muestra de la huella que dej\u00f3 en sus paletas el que Mart\u00ednez Gonz\u00e1lez califica de &#8220;gran impulsor y moldeador de vocaciones&#8221;. Entre los artistas que acompa\u00f1an este homenaje encontramos a Carmen Laff\u00f3n, Daniel Bilbao, Domingo Martinez Gonz\u00e1lez, Isabel Alvarez Sala, Javier Buz\u00f3n, Jes\u00fas Algovi, Jes\u00fas Conde Ayala, Juan Romero, Luis Gordillo, Manolo Cuervo, Miki Leal, Patricio Cabrera, Rafael Cerd\u00e1 Mart\u00ednez, Ricardo Cadenas, Roberto Reina. y as\u00ed hasta 66 artistas todos ellos vinculados a P\u00e9rez Aguilera a trav\u00e9s de su formaci\u00f3n y miembros de las m\u00e1s recientes generaciones de artistas y catedr\u00e1ticos de Bellas Artes que en alg\u00fan momento pasaron por la aulas bajo el magisterio de Don Miguel.<\/p>\n<p align=\"JUSTIFY\">MuVACLinares se suma al homenaje de su ciudad natal al genial pintor realizando en paralelo a la exposici\u00f3n un seguimiento de la misma que esperamos merezca el inter\u00e9s de los visitantes a la misma y el de todos aquellos que no puedan asistir y nos honren sigui\u00e9ndola a trav\u00e9s de nuestro medio. En d\u00edas sucesivos, a\u00f1adiremos contenido a la secci\u00f3n que nos permitan conocer mejor la obra de Don Miguel Aguilera, los art\u00edculos ir\u00e1n acompa\u00f1ados de audios que permitan la visita f\u00edsica y la comprensi\u00f3n de la misma de forma simult\u00e1nea, generaremos alguna galer\u00eda de im\u00e1genes y a\u00f1adiremos, finalmente, un conjunto de enlaces a estudios y art\u00edculos referidos al pintor linarense en la Secci\u00f3n de Educaci\u00f3n e Investigaci\u00f3n para quien desee saber m\u00e1s.<\/p>\n","protected":false},"excerpt":{"rendered":"<p>Tras una exitosa gira por los Claustros de Santo Domingo de Jerez y la Casa de la Provincia de Sevilla (octubre 2020-febrero 2021) la obra de Don Miguel P\u00e9rez Aguilera&hellip;<\/p>\n","protected":false},"author":1,"featured_media":700,"comment_status":"open","ping_status":"open","sticky":false,"template":"","format":"standard","meta":[],"categories":[225],"tags":[228,227,229,14,226,162],"jetpack_featured_media_url":"https:\/\/muvacandalucia.es\/wp-content\/uploads\/2021\/03\/Cartel-Magistral-Aguilera.jpeg","_links":{"self":[{"href":"https:\/\/muvacandalucia.es\/index.php\/wp-json\/wp\/v2\/posts\/707"}],"collection":[{"href":"https:\/\/muvacandalucia.es\/index.php\/wp-json\/wp\/v2\/posts"}],"about":[{"href":"https:\/\/muvacandalucia.es\/index.php\/wp-json\/wp\/v2\/types\/post"}],"author":[{"embeddable":true,"href":"https:\/\/muvacandalucia.es\/index.php\/wp-json\/wp\/v2\/users\/1"}],"replies":[{"embeddable":true,"href":"https:\/\/muvacandalucia.es\/index.php\/wp-json\/wp\/v2\/comments?post=707"}],"version-history":[{"count":5,"href":"https:\/\/muvacandalucia.es\/index.php\/wp-json\/wp\/v2\/posts\/707\/revisions"}],"predecessor-version":[{"id":710,"href":"https:\/\/muvacandalucia.es\/index.php\/wp-json\/wp\/v2\/posts\/707\/revisions\/710"}],"wp:featuredmedia":[{"embeddable":true,"href":"https:\/\/muvacandalucia.es\/index.php\/wp-json\/wp\/v2\/media\/700"}],"wp:attachment":[{"href":"https:\/\/muvacandalucia.es\/index.php\/wp-json\/wp\/v2\/media?parent=707"}],"wp:term":[{"taxonomy":"category","embeddable":true,"href":"https:\/\/muvacandalucia.es\/index.php\/wp-json\/wp\/v2\/categories?post=707"},{"taxonomy":"post_tag","embeddable":true,"href":"https:\/\/muvacandalucia.es\/index.php\/wp-json\/wp\/v2\/tags?post=707"}],"curies":[{"name":"wp","href":"https:\/\/api.w.org\/{rel}","templated":true}]}}