{"id":70,"date":"2020-12-03T12:20:31","date_gmt":"2020-12-03T12:20:31","guid":{"rendered":"https:\/\/muvaclinares.es\/?p=70"},"modified":"2021-01-07T08:06:29","modified_gmt":"2021-01-07T08:06:29","slug":"una-de-prueba","status":"publish","type":"post","link":"https:\/\/muvacandalucia.es\/index.php\/2020\/12\/03\/una-de-prueba\/","title":{"rendered":"MALDONADO POYATOS, Emilio"},"content":{"rendered":"<p>\u201cE. Maldomado\u201d (Linares, 1969)<br \/>\nPintura, escultura y dibujo<br \/>\nSu formaci\u00f3n transcurre en varias ciudades, inici\u00e1ndose en 1987 cuando se traslada a Madrid para estudiar pintura y talla de madera; en este per\u00edodo realiza numerosos lienzos on\u00edrico-simb\u00f3licos.<!--more--><\/p>\n<p>En 1988 marcha a Granada para estudiar escultura en la Escuela de Artes y Oficios con Miguel Moreno; durante su estancia granadina compagina su formaci\u00f3n con una serie de trabajos como ayudante y aprendiz del ilustre pintor Benito Prieto Gousent. Posteriormente ingresa en la Escuela de Bellas Artes \u201cAlonso Cano\u201d, de Granada (1989), siendo becado en 1992 para<br \/>\ncursar estudios especializados de artes gr\u00e1ficas en la Escuela de Arte y Dise\u00f1o de Loughborough (Inglaterra), en donde expone varias veces. A su regreso a Granada durante los a\u00f1os 1994 y 1995, obtiene el t\u00edtulo de Licenciado en Bellas Artes con la especialidad de Pintura.<\/p>\n<p>Maldomado reside en la Estaci\u00f3n Linares-Baeza, llevando una vida austera y dedicada al arte. Ha formado parte del grupo art\u00edstico APLAJA (Asociaci\u00f3n de Artistas Pl\u00e1sticos de Ja\u00e9n).<\/p>\n<p>Su obra ha sido expuesta en diversos lugares, destacando las exposiciones de Copenhague por su gran aceptaci\u00f3n por parte del p\u00fablico y por las excelentes cr\u00edticas cosechadas. Otro aspecto destacado es la firma de un contrato en abril de 2008 entre la Galer\u00eda Eduma (Linares) y la agencia canadiense L\u2019art des visc\u00e8res para Emilio Maldomado pudiera exponer su obra en Canad\u00e1 y EE.UU. durante los pr\u00f3ximos diez a\u00f1os.<\/p>\n<p>Emilio Maldomado posee un lenguaje propio cargado de una enorme personalidad. Su obra puede calificarse como expresionista aunque tambi\u00e9n se ha adentrado dentro de los terrenos del simbolismo y del arte onceptual; no obstante es un artista con un esp\u00edritu rebelde que huye de convencionalismos y encasillamientos.<\/p>\n<p>Sus lienzos est\u00e1n trabajados con una t\u00e9cnica mixta, de acr\u00edlico y \u00f3leo, a los que suele a\u00f1adirles elementos variopintos como semillas, pasta de papel, barnices, madera o tortugas disecadas, que aportan unos vol\u00famenes y unas texturas muy acentuadas que transforman la pintura, en unos relieves o collages que se encuentran pr\u00f3ximos a la escultura. El colorido y la expresividad de sus obras encarnan el dolor y las emociones m\u00e1s \u00edntimas del ser humano.<\/p>\n<p>Sus obras suelen estar acompa\u00f1adas por unos versos, que dan como resultado unos cuadros escritos, llenos de im\u00e1genes y s\u00edmbolos, que pasan<br \/>\npor el alma del lector como diapositivas dialogadas.<\/p>\n<p>El artista considera que la intimidad y la soledad son dos elementos que est\u00e1n presentes en el proceso creativo. Dentro del mercado es consciente<br \/>\nde que su obra se vende poco, aunque s\u00ed lo suficiente como para cubrir sus necesidades b\u00e1sicas elementales (a pesar de ello, la realidad es que su obra est\u00e1 muy bien cotizada).<\/p>\n<p>Como \u00e9l mismo declara: \u201cLo que pretendo es que cada persona que observa uno de mis cuadros pueda ver alg\u00fan aspecto de su propia vida. Si por ejemplo yo hablo del dolor, cada persona tiene su propio dolor particular. Yo intento hacer una imagen m\u00e1s universal del dolor para que cada uno pueda acercarse a ese cuadro con su propia experiencia\u201d.<\/p>\n<p>\u201cMaldomado tiene un lenguaje propio y una manera de decir las cosas con su pintura, y eso, como se suele decir, son palabras mayores, pues sabe muy bien donde pisa, lo que hace, lo que quiere y a d\u00f3nde va.\u201d<br \/>\nIgnacio Fr\u00edas. Diario Ja\u00e9n, 28 de octubre de 2009.<\/p>\n<p>Texto tomado de:<\/p>\n<p>ALMANSA MORENO, Jose Manuel; MART\u00cdN ROBLES, Juan Manuel (Coord.): <em>50 a\u00f1os de artes pl\u00e1sticas en Ja\u00e9n. Creaci\u00f3n, medios y espacios (1960-2010)<\/em>. Ja\u00e9n: Instituto de Estudios Giennneses y Diputaci\u00f3n de Ja\u00e9n, 2016. pp. 327-329<\/p>\n<p>M\u00e1s sobre el autor:<\/p>\n<p><a href=\"https:\/\/www.emiliomaldonado.com\/\"><strong>En su Web<\/strong><\/a><\/p>\n<figure id=\"attachment_119\" aria-describedby=\"caption-attachment-119\" style=\"width: 275px\" class=\"wp-caption aligncenter\"><img decoding=\"async\" loading=\"lazy\" class=\"wp-image-119 size-full\" src=\"https:\/\/muvacandalucia.es\/wp-content\/uploads\/2020\/12\/Emilio-Maldonado.jpg\" alt=\"Emilio Maldonado Poyatos\" width=\"275\" height=\"183\" srcset=\"https:\/\/muvacandalucia.es\/wp-content\/uploads\/2020\/12\/Emilio-Maldonado.jpg 275w, https:\/\/muvacandalucia.es\/wp-content\/uploads\/2020\/12\/Emilio-Maldonado-150x100.jpg 150w\" sizes=\"(max-width: 275px) 100vw, 275px\" \/><figcaption id=\"caption-attachment-119\" class=\"wp-caption-text\">Emilio Maldonado<\/figcaption><\/figure>\n<div id='gallery-1' class='gallery galleryid-70 gallery-columns-3 gallery-size-thumbnail'><figure class='gallery-item'>\n\t\t\t<div class='gallery-icon landscape'>\n\t\t\t\t<a href='https:\/\/muvacandalucia.es\/index.php\/2020\/12\/03\/una-de-prueba\/13b1fa9e-4bc0-4b97-9d70-66eaed6f1e26\/'><img width=\"150\" height=\"150\" src=\"https:\/\/muvacandalucia.es\/wp-content\/uploads\/2020\/12\/13B1FA9E-4BC0-4B97-9D70-66EAED6F1E26-150x150.jpeg\" class=\"attachment-thumbnail size-thumbnail\" alt=\"\" decoding=\"async\" loading=\"lazy\" aria-describedby=\"gallery-1-133\" \/><\/a>\n\t\t\t<\/div>\n\t\t\t\t<figcaption class='wp-caption-text gallery-caption' id='gallery-1-133'>\n\t\t\t\tYo. \u00d3leo sobre tabla. 2005.  76&#215;38 cms\n\t\t\t\t<\/figcaption><\/figure><figure class='gallery-item'>\n\t\t\t<div class='gallery-icon landscape'>\n\t\t\t\t<a href='https:\/\/muvacandalucia.es\/index.php\/2020\/12\/03\/una-de-prueba\/8929668c-c423-498c-ae83-ef4af9144989\/'><img width=\"150\" height=\"150\" src=\"https:\/\/muvacandalucia.es\/wp-content\/uploads\/2020\/12\/8929668C-C423-498C-AE83-EF4AF9144989-150x150.jpeg\" class=\"attachment-thumbnail size-thumbnail\" alt=\"\" decoding=\"async\" loading=\"lazy\" aria-describedby=\"gallery-1-132\" \/><\/a>\n\t\t\t<\/div>\n\t\t\t\t<figcaption class='wp-caption-text gallery-caption' id='gallery-1-132'>\n\t\t\t\tPensamientos. \u00d3leo sobre pl\u00e1stico. 2006. 152&#215;244 cms\n\t\t\t\t<\/figcaption><\/figure><figure class='gallery-item'>\n\t\t\t<div class='gallery-icon landscape'>\n\t\t\t\t<a href='https:\/\/muvacandalucia.es\/index.php\/2020\/12\/03\/una-de-prueba\/27b3ce61-a9c4-489a-948d-f2ab2cee7c44\/'><img width=\"150\" height=\"150\" src=\"https:\/\/muvacandalucia.es\/wp-content\/uploads\/2020\/12\/27B3CE61-A9C4-489A-948D-F2AB2CEE7C44-150x150.jpeg\" class=\"attachment-thumbnail size-thumbnail\" alt=\"\" decoding=\"async\" loading=\"lazy\" aria-describedby=\"gallery-1-131\" \/><\/a>\n\t\t\t<\/div>\n\t\t\t\t<figcaption class='wp-caption-text gallery-caption' id='gallery-1-131'>\n\t\t\t\tEl transmisor de sue\u00f1os.  \u00d3leo sobre pl\u00e1stico. 2006. 152&#215;259 cms\n\t\t\t\t<\/figcaption><\/figure><figure class='gallery-item'>\n\t\t\t<div class='gallery-icon portrait'>\n\t\t\t\t<a href='https:\/\/muvacandalucia.es\/index.php\/2020\/12\/03\/una-de-prueba\/d188d39a-874a-408e-bf59-1852a7b68fc7\/'><img width=\"150\" height=\"150\" src=\"https:\/\/muvacandalucia.es\/wp-content\/uploads\/2020\/12\/D188D39A-874A-408E-BF59-1852A7B68FC7-150x150.jpeg\" class=\"attachment-thumbnail size-thumbnail\" alt=\"\" decoding=\"async\" loading=\"lazy\" aria-describedby=\"gallery-1-130\" \/><\/a>\n\t\t\t<\/div>\n\t\t\t\t<figcaption class='wp-caption-text gallery-caption' id='gallery-1-130'>\n\t\t\t\tTe quiero. Oleo sobre lienzo. 2006. 122&#215;91,5  cms\n\t\t\t\t<\/figcaption><\/figure><figure class='gallery-item'>\n\t\t\t<div class='gallery-icon landscape'>\n\t\t\t\t<a href='https:\/\/muvacandalucia.es\/index.php\/2020\/12\/01\/coleccion-permanente\/d492f1f9-6247-4746-884a-d815f3bb00da\/'><img width=\"150\" height=\"150\" src=\"https:\/\/muvacandalucia.es\/wp-content\/uploads\/2020\/12\/D492F1F9-6247-4746-884A-D815F3BB00DA-150x150.jpeg\" class=\"attachment-thumbnail size-thumbnail\" alt=\"\" decoding=\"async\" loading=\"lazy\" aria-describedby=\"gallery-1-129\" \/><\/a>\n\t\t\t<\/div>\n\t\t\t\t<figcaption class='wp-caption-text gallery-caption' id='gallery-1-129'>\n\t\t\t\tAmor ideal. \u00d3leo sobre lienza. 2009. 122&#215;152\n\t\t\t\t<\/figcaption><\/figure><figure class='gallery-item'>\n\t\t\t<div class='gallery-icon landscape'>\n\t\t\t\t<a href='https:\/\/muvacandalucia.es\/index.php\/2020\/12\/03\/una-de-prueba\/07f10cee-d8ae-4797-ae95-261d473bbf1c\/'><img width=\"150\" height=\"150\" src=\"https:\/\/muvacandalucia.es\/wp-content\/uploads\/2020\/12\/07F10CEE-D8AE-4797-AE95-261D473BBF1C-150x150.jpeg\" class=\"attachment-thumbnail size-thumbnail\" alt=\"\" decoding=\"async\" loading=\"lazy\" aria-describedby=\"gallery-1-128\" \/><\/a>\n\t\t\t<\/div>\n\t\t\t\t<figcaption class='wp-caption-text gallery-caption' id='gallery-1-128'>\n\t\t\t\tAutorretrato. \u00d3leo sobre lienzo. 2009. 33&#215;45,7cms\n\t\t\t\t<\/figcaption><\/figure><figure class='gallery-item'>\n\t\t\t<div class='gallery-icon landscape'>\n\t\t\t\t<a href='https:\/\/muvacandalucia.es\/index.php\/2020\/12\/03\/una-de-prueba\/f443a020-b0b3-41d5-a88f-5954c2080cde\/'><img width=\"150\" height=\"150\" src=\"https:\/\/muvacandalucia.es\/wp-content\/uploads\/2020\/12\/F443A020-B0B3-41D5-A88F-5954C2080CDE-150x150.jpeg\" class=\"attachment-thumbnail size-thumbnail\" alt=\"\" decoding=\"async\" loading=\"lazy\" aria-describedby=\"gallery-1-127\" \/><\/a>\n\t\t\t<\/div>\n\t\t\t\t<figcaption class='wp-caption-text gallery-caption' id='gallery-1-127'>\n\t\t\t\tLa Verdad. Materiales mezclados sobre lienzo. 2009. 94&#215;150 cms\n\t\t\t\t<\/figcaption><\/figure><figure class='gallery-item'>\n\t\t\t<div class='gallery-icon landscape'>\n\t\t\t\t<a href='https:\/\/muvacandalucia.es\/8acb1c7b-4144-4900-bb5a-46957dbe3a7b\/'><img width=\"150\" height=\"150\" src=\"https:\/\/muvacandalucia.es\/wp-content\/uploads\/2020\/12\/8ACB1C7B-4144-4900-BB5A-46957DBE3A7B-150x150.jpeg\" class=\"attachment-thumbnail size-thumbnail\" alt=\"\" decoding=\"async\" loading=\"lazy\" aria-describedby=\"gallery-1-126\" \/><\/a>\n\t\t\t<\/div>\n\t\t\t\t<figcaption class='wp-caption-text gallery-caption' id='gallery-1-126'>\n\t\t\t\tIlusiones. \u00d3leo sobre lienzo. 2010. 91,5&#215;122 cms\n\t\t\t\t<\/figcaption><\/figure><figure class='gallery-item'>\n\t\t\t<div class='gallery-icon landscape'>\n\t\t\t\t<a href='https:\/\/muvacandalucia.es\/index.php\/2020\/12\/03\/una-de-prueba\/ef97b2c5-9f89-4067-b110-a07d9232d089\/'><img width=\"150\" height=\"150\" src=\"https:\/\/muvacandalucia.es\/wp-content\/uploads\/2020\/12\/EF97B2C5-9F89-4067-B110-A07D9232D089-150x150.jpeg\" class=\"attachment-thumbnail size-thumbnail\" alt=\"\" decoding=\"async\" loading=\"lazy\" aria-describedby=\"gallery-1-125\" \/><\/a>\n\t\t\t<\/div>\n\t\t\t\t<figcaption class='wp-caption-text gallery-caption' id='gallery-1-125'>\n\t\t\t\tLo veo. \u00d3leo sobre lienzo, 2010.51&#215;127 cms\n\t\t\t\t<\/figcaption><\/figure>\n\t\t<\/div>\n\n","protected":false},"excerpt":{"rendered":"<p>\u201cE. Maldomado\u201d (Linares, 1969) Pintura, escultura y dibujo Su formaci\u00f3n transcurre en varias ciudades, inici\u00e1ndose en 1987 cuando se traslada a Madrid para estudiar pintura y talla de madera; en&hellip;<\/p>\n","protected":false},"author":1,"featured_media":118,"comment_status":"open","ping_status":"open","sticky":false,"template":"","format":"standard","meta":[],"categories":[9,3],"tags":[16,18,14,17,13,15],"jetpack_featured_media_url":"https:\/\/muvacandalucia.es\/wp-content\/uploads\/2020\/12\/cuadro-e.maldonado-1.jpg","_links":{"self":[{"href":"https:\/\/muvacandalucia.es\/index.php\/wp-json\/wp\/v2\/posts\/70"}],"collection":[{"href":"https:\/\/muvacandalucia.es\/index.php\/wp-json\/wp\/v2\/posts"}],"about":[{"href":"https:\/\/muvacandalucia.es\/index.php\/wp-json\/wp\/v2\/types\/post"}],"author":[{"embeddable":true,"href":"https:\/\/muvacandalucia.es\/index.php\/wp-json\/wp\/v2\/users\/1"}],"replies":[{"embeddable":true,"href":"https:\/\/muvacandalucia.es\/index.php\/wp-json\/wp\/v2\/comments?post=70"}],"version-history":[{"count":12,"href":"https:\/\/muvacandalucia.es\/index.php\/wp-json\/wp\/v2\/posts\/70\/revisions"}],"predecessor-version":[{"id":259,"href":"https:\/\/muvacandalucia.es\/index.php\/wp-json\/wp\/v2\/posts\/70\/revisions\/259"}],"wp:featuredmedia":[{"embeddable":true,"href":"https:\/\/muvacandalucia.es\/index.php\/wp-json\/wp\/v2\/media\/118"}],"wp:attachment":[{"href":"https:\/\/muvacandalucia.es\/index.php\/wp-json\/wp\/v2\/media?parent=70"}],"wp:term":[{"taxonomy":"category","embeddable":true,"href":"https:\/\/muvacandalucia.es\/index.php\/wp-json\/wp\/v2\/categories?post=70"},{"taxonomy":"post_tag","embeddable":true,"href":"https:\/\/muvacandalucia.es\/index.php\/wp-json\/wp\/v2\/tags?post=70"}],"curies":[{"name":"wp","href":"https:\/\/api.w.org\/{rel}","templated":true}]}}