{"id":669,"date":"2021-03-07T07:37:34","date_gmt":"2021-03-07T07:37:34","guid":{"rendered":"https:\/\/muvaclinares.es\/?p=669"},"modified":"2021-04-26T16:54:23","modified_gmt":"2021-04-26T16:54:23","slug":"presentacion-de-la-exposicion-virtual-de-jaen-en-femenino","status":"publish","type":"post","link":"https:\/\/muvacandalucia.es\/index.php\/2021\/03\/07\/presentacion-de-la-exposicion-virtual-de-jaen-en-femenino\/","title":{"rendered":"Presentaci\u00f3n de la Exposici\u00f3n Virtual de &#8220;Ja\u00e9n en Femenino&#8221;. (Cap.2)"},"content":{"rendered":"<p><img decoding=\"async\" loading=\"lazy\" src=\"https:\/\/muvacandalucia.es\/wp-content\/uploads\/2021\/03\/Angela-Isac.jpg\" alt=\"\u00c1ngela Isac, Teniente alcalde del Ayuntamiento de Linares y Concejala de Cultura.\" width=\"420\" height=\"315\" \/><\/p>\n<p align=\"JUSTIFY\"><span style=\"font-family: Calibri, sans-serif; color: #808080;\"><span style=\"font-size: medium;\">Tras cientos, miles de a\u00f1os, de invisibilizaci\u00f3n de la mujer, los \u00faltimos tiempos vienen a traer un soplo de aire fresco al panorama cultural y art\u00edstico resucitando la vida y la obra de tantas mujeres que han ejercido una intensa labor hist\u00f3rica en el mundo de las artes y cuyos logros y manifestaciones han sido invisibilizados y relegados al olvido por la sociedad sexista que reg\u00eda el destino de las facetas art\u00edstica y cultural como lo hac\u00eda en todos los dem\u00e1s \u00e1mbitos de la realidad cotidiana.<\/span><\/span><\/p>\n<p align=\"JUSTIFY\"><span style=\"font-family: Calibri, sans-serif; color: #808080;\"><span style=\"font-size: medium;\">La reparaci\u00f3n de esta injusticia hist\u00f3rica es una de la \u00e1reas prioritarias para cualquier Administraci\u00f3n y, por supuesto, lo es para el Ayuntamiento de Linares y para esta Concejal\u00eda. La idea de una exposici\u00f3n en la que se pongan de relieve los esfuerzos de los valientes mujeres que supieron incrustarse en un universo masculino creado para negarles el agua y la sal a toda costa nos pareci\u00f3, por tanto, de la m\u00e1xima actualidad e inter\u00e9s. M\u00e1s a\u00fan cuando este trabajo de MuVACLinares se centra en mujeres que ejercieron su magisterio art\u00edstistico en nuestra provincia en un tiempo tan reciente como para merecer la catalogaci\u00f3n como referentes para todas las que hoy en d\u00eda combatimos para dar al sexo femenino el lugar que sus m\u00e9ritos acreditan.<\/span><\/span><\/p>\n<p align=\"JUSTIFY\"><span style=\"color: #808080;\"><span style=\"font-family: Calibri, sans-serif;\"><span style=\"font-size: medium;\">El Ayuntamiento de Linares se felicita de poder colaborar con esta iniciativa que tan generosamente pone el <\/span><\/span><span style=\"font-family: Calibri, sans-serif;\"><span style=\"font-size: medium;\"><i>Museo Virtual de Arte Contempor\u00e1neo de Linares<\/i><\/span><\/span><span style=\"font-family: Calibri, sans-serif;\"><span style=\"font-size: medium;\"> a la disposici\u00f3n del pueblo de Linares y de la provincia entera con este serio trabajo acad\u00e9mico que aportar\u00e1, sin lugar a dudas, su grano de arena a la marea de iniciativas que este 8 de marzo, como cada a\u00f1o, se aglutinan para dignificar el papel de la mujer en esta sociedad que tanto las necesita y a la tanto han aportado.<\/span><\/span><\/span><\/p>\n<p align=\"JUSTIFY\"><span style=\"font-family: Calibri, sans-serif; color: #808080;\"><span style=\"font-size: medium;\">Aprovechamos para agradecer a la pintora Esther Mart\u00ednez Lend\u00ednez sus bien medidos textos en los que seguro que vamos a encontrar las claves para entender la aportaci\u00f3n de las mujeres giennenses al arte contempor\u00e1neo del que han participado codo con codo con los m\u00e1s relevantes artistas de nuestro tiempo.<\/span><\/span><\/p>\n<p align=\"RIGHT\"><span style=\"font-family: Calibri, sans-serif; color: #808080;\"><span style=\"font-size: medium;\">Linares, 8 de marzo de 2021<\/span><\/span><\/p>\n<p align=\"RIGHT\"><span style=\"font-family: Calibri, sans-serif; color: #808080;\"><span style=\"font-size: medium;\"><b>\u00c1ngeles Isac Garc\u00eda<\/b><\/span><\/span><\/p>\n<p align=\"RIGHT\"><span style=\"font-family: Calibri, sans-serif; color: #808080;\"><span style=\"font-size: medium;\">Concejala-delegada de Cultura del Ayuntamiento de Linares<\/span><\/span><\/p>\n","protected":false},"excerpt":{"rendered":"<p>Tras cientos, miles de a\u00f1os, de invisibilizaci\u00f3n de la mujer, los \u00faltimos tiempos vienen a traer un soplo de aire fresco al panorama cultural y art\u00edstico resucitando la vida y&hellip;<\/p>\n","protected":false},"author":1,"featured_media":671,"comment_status":"open","ping_status":"open","sticky":false,"template":"","format":"standard","meta":[],"categories":[213],"tags":[217,219,221,218,215,216,220,24],"jetpack_featured_media_url":"https:\/\/muvacandalucia.es\/wp-content\/uploads\/2021\/03\/Angela-Isac.jpg","_links":{"self":[{"href":"https:\/\/muvacandalucia.es\/index.php\/wp-json\/wp\/v2\/posts\/669"}],"collection":[{"href":"https:\/\/muvacandalucia.es\/index.php\/wp-json\/wp\/v2\/posts"}],"about":[{"href":"https:\/\/muvacandalucia.es\/index.php\/wp-json\/wp\/v2\/types\/post"}],"author":[{"embeddable":true,"href":"https:\/\/muvacandalucia.es\/index.php\/wp-json\/wp\/v2\/users\/1"}],"replies":[{"embeddable":true,"href":"https:\/\/muvacandalucia.es\/index.php\/wp-json\/wp\/v2\/comments?post=669"}],"version-history":[{"count":6,"href":"https:\/\/muvacandalucia.es\/index.php\/wp-json\/wp\/v2\/posts\/669\/revisions"}],"predecessor-version":[{"id":1718,"href":"https:\/\/muvacandalucia.es\/index.php\/wp-json\/wp\/v2\/posts\/669\/revisions\/1718"}],"wp:featuredmedia":[{"embeddable":true,"href":"https:\/\/muvacandalucia.es\/index.php\/wp-json\/wp\/v2\/media\/671"}],"wp:attachment":[{"href":"https:\/\/muvacandalucia.es\/index.php\/wp-json\/wp\/v2\/media?parent=669"}],"wp:term":[{"taxonomy":"category","embeddable":true,"href":"https:\/\/muvacandalucia.es\/index.php\/wp-json\/wp\/v2\/categories?post=669"},{"taxonomy":"post_tag","embeddable":true,"href":"https:\/\/muvacandalucia.es\/index.php\/wp-json\/wp\/v2\/tags?post=669"}],"curies":[{"name":"wp","href":"https:\/\/api.w.org\/{rel}","templated":true}]}}