{"id":652,"date":"2021-03-03T12:28:51","date_gmt":"2021-03-03T12:28:51","guid":{"rendered":"https:\/\/muvaclinares.es\/?p=652"},"modified":"2021-04-26T16:53:22","modified_gmt":"2021-04-26T16:53:22","slug":"la-satisfaccion-de-hacer-justicia","status":"publish","type":"post","link":"https:\/\/muvacandalucia.es\/index.php\/2021\/03\/03\/la-satisfaccion-de-hacer-justicia\/","title":{"rendered":"La satisfacci\u00f3n de hacer Justicia (Cap. 1)"},"content":{"rendered":"<p align=\"JUSTIFY\"><span style=\"color: #808080;\">Desde un medio dedicado a la difusi\u00f3n del Arte Contempor\u00e1neo, con may\u00fascula, y con aspiraciones a convertirse en un referente para nuestra localidad y nuestra provincia, la tentaci\u00f3n de realizar nuestra primera exposici\u00f3n en solitario dedic\u00e1ndole nuestro trabajo a la exaltaci\u00f3n y puesta en valor de la mujer era demasiado grande como para resistirnos. Y no nos hemos resistido.<\/span><\/p>\n<p align=\"JUSTIFY\"><span style=\"color: #808080;\">Naturalmente que nuestra provincia ha dado de s\u00ed, y lo seguir\u00e1 dando, como para aportar a la sociedad en general y al arte en particular grandes figuras y grandes momentos. Pero el papel de la mujer en estas manifestaciones ha pasado desapercibido. Se ha tapado la labor de tan importante parte de nuetra sociedad por prejuicios tendenciosos y en beneficio de un estamento masculino demasiado celoso de sus privilegios y temeroso de perder su estatus.<\/span><\/p>\n<p align=\"JUSTIFY\"><span style=\"color: #808080;\">Es posible que la obra de las mujeres que, luchando contra viento y marea, se han introducido en le proceloso oc\u00e9ano del arte oficial no haya alcanzado las cotas de las primeras figuras de las artes pl\u00e1sticas. Haberlo conseguido habr\u00eda sido un logro sobrehumano conociendo las innumerables trabas, las losas de pulido m\u00e1rmol que se han cargado a hombros de las her\u00f3icas pintoras de nuestra sociedad. Durante siglos las mujeres han sido obligadas a considerar sus dotes como habilidades menores, se les ha limitado el acceso a una formaci\u00f3n profesional en el campo de las artes pl\u00e1sticas rechaz\u00e1ndolas en los talleres de los grandes maestros como iguales o en las Academias llegando incluso a prohibirles la pr\u00e1ctica del dibujo al natural o de desnudo masculino. Las limitaciones han llegado m\u00e1s all\u00e1 del periodo formativo poniendo vallas a la creatividad de la mujeres que acotasen los campos en los que era \u201cdecorosa\u201d su presencia.<\/span><\/p>\n<p align=\"JUSTIFY\"><span style=\"color: #808080;\">De tal forma, las esforzadas artistas pl\u00e1sticas han visto cerradas sus puertas a la fama y el reconocimiento de sus cualidades y de sus trabajos porque s\u00f3lo pod\u00edan encontrar una salida a su pulsi\u00f3n creativa volc\u00e1ndose en temas considerados como menores tales como el bodeg\u00f3n o el paisaje o realizando copias de cl\u00e1sicos, especialmente de tem\u00e1tica religiosa.<\/span><\/p>\n<p align=\"JUSTIFY\"><span style=\"color: #808080;\">Esta es, sin duda, una circunstancia manifiestamente injusta que nuestros tiempos est\u00e1n camino de remediar y para ello nuestra obligaci\u00f3n es procurar dejar claro que el futuro art\u00edstico de las mujeres del ma\u00f1ana no se asienta sobre un pedregal \u00e1rido o en medio de un vac\u00edo tenebroso. El pasado de la mujer artista est\u00e1 ah\u00ed, s\u00f3lo hay que revelarlo. Y ese es nuestro desarf\u00edo y nuestro compromiso desde MuVACLinares para servir de referentes y fuentes de inspiraci\u00f3n. Esta ser\u00e1 la relevancia del trabajo de Esther Mart\u00ednez y todos los que colaboramos en la preparaci\u00f3n de este trabajo y en su edici\u00f3n.<\/span><\/p>\n<p align=\"JUSTIFY\"><span style=\"color: #808080;\">Queremos, lector, contar con tu apoyo, con tu compa\u00f1\u00eda. Difunde nuestro trabajo y haz que el mensaje llegue tan lejos como sea posible. Que estos contenidos que iremos difundiendo a lo largo de los pr\u00f3ximos d\u00edas lleguen al coraz\u00f3n de todo el mundo. Es justicia y ellas lo merecen.<\/span><\/p>\n<p align=\"RIGHT\"><span style=\"color: #808080;\">Linares a 8 de marzo de 2021<\/span><\/p>\n<p align=\"RIGHT\"><span style=\"color: #808080;\">Rafael Ord\u00f3\u00f1ez Bedmar<\/span><\/p>\n<p align=\"RIGHT\"><span style=\"color: #808080;\">Director MuVACLinares<\/span><\/p>\n","protected":false},"excerpt":{"rendered":"<p>Desde un medio dedicado a la difusi\u00f3n del Arte Contempor\u00e1neo, con may\u00fascula, y con aspiraciones a convertirse en un referente para nuestra localidad y nuestra provincia, la tentaci\u00f3n de realizar&hellip;<\/p>\n","protected":false},"author":1,"featured_media":0,"comment_status":"open","ping_status":"open","sticky":false,"template":"","format":"standard","meta":[],"categories":[213],"tags":[217,219,221,218,215,216,220,24],"jetpack_featured_media_url":"","_links":{"self":[{"href":"https:\/\/muvacandalucia.es\/index.php\/wp-json\/wp\/v2\/posts\/652"}],"collection":[{"href":"https:\/\/muvacandalucia.es\/index.php\/wp-json\/wp\/v2\/posts"}],"about":[{"href":"https:\/\/muvacandalucia.es\/index.php\/wp-json\/wp\/v2\/types\/post"}],"author":[{"embeddable":true,"href":"https:\/\/muvacandalucia.es\/index.php\/wp-json\/wp\/v2\/users\/1"}],"replies":[{"embeddable":true,"href":"https:\/\/muvacandalucia.es\/index.php\/wp-json\/wp\/v2\/comments?post=652"}],"version-history":[{"count":5,"href":"https:\/\/muvacandalucia.es\/index.php\/wp-json\/wp\/v2\/posts\/652\/revisions"}],"predecessor-version":[{"id":1717,"href":"https:\/\/muvacandalucia.es\/index.php\/wp-json\/wp\/v2\/posts\/652\/revisions\/1717"}],"wp:attachment":[{"href":"https:\/\/muvacandalucia.es\/index.php\/wp-json\/wp\/v2\/media?parent=652"}],"wp:term":[{"taxonomy":"category","embeddable":true,"href":"https:\/\/muvacandalucia.es\/index.php\/wp-json\/wp\/v2\/categories?post=652"},{"taxonomy":"post_tag","embeddable":true,"href":"https:\/\/muvacandalucia.es\/index.php\/wp-json\/wp\/v2\/tags?post=652"}],"curies":[{"name":"wp","href":"https:\/\/api.w.org\/{rel}","templated":true}]}}